{"id":3825,"date":"2026-04-28T23:26:11","date_gmt":"2026-04-29T05:26:11","guid":{"rendered":"https:\/\/revistadigitalnororiente.com.mx\/?p=3825"},"modified":"2026-04-28T23:26:11","modified_gmt":"2026-04-29T05:26:11","slug":"impulso-historico-al-sistema-de-agua-potable-margaritas-acateno-autoridades-y-pueblo-cierran-filas","status":"publish","type":"post","link":"https:\/\/revistadigitalnororiente.com.mx\/index.php\/2026\/04\/28\/impulso-historico-al-sistema-de-agua-potable-margaritas-acateno-autoridades-y-pueblo-cierran-filas\/","title":{"rendered":"Impulso hist\u00f3rico al sistema de agua potable Margaritas-Acateno: Autoridades y pueblo cierran filas"},"content":{"rendered":"<p><img fetchpriority=\"high\" decoding=\"async\" class=\" wp-image-3826 alignleft\" src=\"https:\/\/revistadigitalnororiente.com.mx\/wp-content\/uploads\/2026\/04\/bf6bb498-0ae4-45fd-b5eb-38c6869ea9bb-300x182.jpg\" alt=\"\" width=\"361\" height=\"219\" srcset=\"https:\/\/revistadigitalnororiente.com.mx\/wp-content\/uploads\/2026\/04\/bf6bb498-0ae4-45fd-b5eb-38c6869ea9bb-300x182.jpg 300w, https:\/\/revistadigitalnororiente.com.mx\/wp-content\/uploads\/2026\/04\/bf6bb498-0ae4-45fd-b5eb-38c6869ea9bb-1024x620.jpg 1024w, https:\/\/revistadigitalnororiente.com.mx\/wp-content\/uploads\/2026\/04\/bf6bb498-0ae4-45fd-b5eb-38c6869ea9bb-768x465.jpg 768w, https:\/\/revistadigitalnororiente.com.mx\/wp-content\/uploads\/2026\/04\/bf6bb498-0ae4-45fd-b5eb-38c6869ea9bb.jpg 1388w\" sizes=\"(max-width: 361px) 100vw, 361px\" \/><\/p>\n<p style=\"text-align: justify;\">\u200b<strong>Bajo el liderazgo de Diego Torre, una masiva jornada de faenas acelera el proyecto hidr\u00e1ulico que busca poner fin al desabasto en este municipio.<\/strong><\/p>\n<p style=\"text-align: justify;\">\u200bACATENO, Puebla. \u2013 En un despliegue de colaboraci\u00f3n ciudadana sin precedentes, el alcalde Diego Torre, junto a regidores y habitantes, reactiv\u00f3 el pasado fin de semana las labores de ejecuci\u00f3n del sistema de agua potable Margaritas-Acateno. La jornada, marcada por el trabajo f\u00edsico intensivo, representa un paso decisivo para materializar la infraestructura h\u00eddrica m\u00e1s esperada por los habitantes de Acateno;<\/p>\n<p><img decoding=\"async\" class=\" wp-image-3827 alignright\" src=\"https:\/\/revistadigitalnororiente.com.mx\/wp-content\/uploads\/2026\/04\/0a5da49d-ab4f-4b8e-bb4f-288350a4d33e-300x219.jpg\" alt=\"\" width=\"312\" height=\"228\" srcset=\"https:\/\/revistadigitalnororiente.com.mx\/wp-content\/uploads\/2026\/04\/0a5da49d-ab4f-4b8e-bb4f-288350a4d33e-300x219.jpg 300w, https:\/\/revistadigitalnororiente.com.mx\/wp-content\/uploads\/2026\/04\/0a5da49d-ab4f-4b8e-bb4f-288350a4d33e-1024x747.jpg 1024w, https:\/\/revistadigitalnororiente.com.mx\/wp-content\/uploads\/2026\/04\/0a5da49d-ab4f-4b8e-bb4f-288350a4d33e-768x561.jpg 768w, https:\/\/revistadigitalnororiente.com.mx\/wp-content\/uploads\/2026\/04\/0a5da49d-ab4f-4b8e-bb4f-288350a4d33e.jpg 1536w\" sizes=\"(max-width: 312px) 100vw, 312px\" \/><\/p>\n<p style=\"text-align: justify;\">\u200b<em>&#8220;Cuando el pueblo se une, se logran grandes cosas&#8221;, <\/em>enfatiz\u00f3 el edil al reconocer la disposici\u00f3n voluntaria de los ciudadanos que se sumaron a las faenas. Esta uni\u00f3n entre gobierno y sociedad busca no solo reducir costos, sino garantizar que la obra avance con el respaldo directo de quienes ser\u00e1n sus beneficiarios.<\/p>\n<p style=\"text-align: justify;\">\u200bEl proyecto entra ahora en su etapa m\u00e1s cr\u00edtica. Tras concluir las labores de campo el pasado fin de semana, el Ayuntamiento se prepara para defender la propuesta t\u00e9cnica ante las autoridades estatales y federales. El objetivo es asegurar los recursos y permisos necesarios que permitan la culminaci\u00f3n de la red de agua.<\/p>\n<p>&nbsp;<\/p>\n<p style=\"text-align: justify;\">\u200bEl Gobierno Municipal subray\u00f3 que el acceso al l\u00edquido vital es una prioridad absoluta en su agenda de transformaci\u00f3n. Con el expediente t\u00e9cnico listo para su presentaci\u00f3n en las dependencias correspondientes, Acateno apuesta por la unidad social como el motor para concretar esta obra hidrica de justicia social.<\/p>\n","protected":false},"excerpt":{"rendered":"<p>\u200bBajo el liderazgo de Diego Torre, una masiva jornada de faenas acelera el proyecto hidr\u00e1ulico&#8230;<\/p>\n","protected":false},"author":3,"featured_media":3828,"comment_status":"open","ping_status":"open","sticky":false,"template":"","format":"standard","meta":{"om_disable_all_campaigns":false,"_monsterinsights_skip_tracking":false,"_monsterinsights_sitenote_active":false,"_monsterinsights_sitenote_note":"","_monsterinsights_sitenote_category":0,"footnotes":""},"categories":[7,11],"tags":[],"class_list":["post-3825","post","type-post","status-publish","format-standard","has-post-thumbnail","hentry","category-politica","category-regional"],"aioseo_notices":[],"featured_image_urls":{"full":["https:\/\/revistadigitalnororiente.com.mx\/wp-content\/uploads\/2026\/04\/7a67ee01-c4fc-4df1-bbb5-262b94bc169d.jpg",1212,675,false],"thumbnail":["https:\/\/revistadigitalnororiente.com.mx\/wp-content\/uploads\/2026\/04\/7a67ee01-c4fc-4df1-bbb5-262b94bc169d-150x150.jpg",150,150,true],"medium":["https:\/\/revistadigitalnororiente.com.mx\/wp-content\/uploads\/2026\/04\/7a67ee01-c4fc-4df1-bbb5-262b94bc169d-300x167.jpg",300,167,true],"medium_large":["https:\/\/revistadigitalnororiente.com.mx\/wp-content\/uploads\/2026\/04\/7a67ee01-c4fc-4df1-bbb5-262b94bc169d-768x428.jpg",640,357,true],"large":["https:\/\/revistadigitalnororiente.com.mx\/wp-content\/uploads\/2026\/04\/7a67ee01-c4fc-4df1-bbb5-262b94bc169d-1024x570.jpg",640,356,true],"1536x1536":["https:\/\/revistadigitalnororiente.com.mx\/wp-content\/uploads\/2026\/04\/7a67ee01-c4fc-4df1-bbb5-262b94bc169d.jpg",1212,675,false],"2048x2048":["https:\/\/revistadigitalnororiente.com.mx\/wp-content\/uploads\/2026\/04\/7a67ee01-c4fc-4df1-bbb5-262b94bc169d.jpg",1212,675,false],"covernews-featured":["https:\/\/revistadigitalnororiente.com.mx\/wp-content\/uploads\/2026\/04\/7a67ee01-c4fc-4df1-bbb5-262b94bc169d-1024x570.jpg",1024,570,true],"covernews-medium":["https:\/\/revistadigitalnororiente.com.mx\/wp-content\/uploads\/2026\/04\/7a67ee01-c4fc-4df1-bbb5-262b94bc169d-540x340.jpg",540,340,true]},"author_info":{"display_name":"REVISTA DIGITAL NORORIENTE","author_link":"https:\/\/revistadigitalnororiente.com.mx\/index.php\/author\/adminr\/"},"category_info":"<a href=\"https:\/\/revistadigitalnororiente.com.mx\/index.php\/category\/politica\/\" rel=\"category tag\">Pol\u00edtica<\/a> <a href=\"https:\/\/revistadigitalnororiente.com.mx\/index.php\/category\/regional\/\" rel=\"category tag\">Regional<\/a>","tag_info":"Regional","comment_count":"0","_links":{"self":[{"href":"https:\/\/revistadigitalnororiente.com.mx\/index.php\/wp-json\/wp\/v2\/posts\/3825","targetHints":{"allow":["GET"]}}],"collection":[{"href":"https:\/\/revistadigitalnororiente.com.mx\/index.php\/wp-json\/wp\/v2\/posts"}],"about":[{"href":"https:\/\/revistadigitalnororiente.com.mx\/index.php\/wp-json\/wp\/v2\/types\/post"}],"author":[{"embeddable":true,"href":"https:\/\/revistadigitalnororiente.com.mx\/index.php\/wp-json\/wp\/v2\/users\/3"}],"replies":[{"embeddable":true,"href":"https:\/\/revistadigitalnororiente.com.mx\/index.php\/wp-json\/wp\/v2\/comments?post=3825"}],"version-history":[{"count":1,"href":"https:\/\/revistadigitalnororiente.com.mx\/index.php\/wp-json\/wp\/v2\/posts\/3825\/revisions"}],"predecessor-version":[{"id":3829,"href":"https:\/\/revistadigitalnororiente.com.mx\/index.php\/wp-json\/wp\/v2\/posts\/3825\/revisions\/3829"}],"wp:featuredmedia":[{"embeddable":true,"href":"https:\/\/revistadigitalnororiente.com.mx\/index.php\/wp-json\/wp\/v2\/media\/3828"}],"wp:attachment":[{"href":"https:\/\/revistadigitalnororiente.com.mx\/index.php\/wp-json\/wp\/v2\/media?parent=3825"}],"wp:term":[{"taxonomy":"category","embeddable":true,"href":"https:\/\/revistadigitalnororiente.com.mx\/index.php\/wp-json\/wp\/v2\/categories?post=3825"},{"taxonomy":"post_tag","embeddable":true,"href":"https:\/\/revistadigitalnororiente.com.mx\/index.php\/wp-json\/wp\/v2\/tags?post=3825"}],"curies":[{"name":"wp","href":"https:\/\/api.w.org\/{rel}","templated":true}]}}