{"id":3819,"date":"2026-04-28T23:14:42","date_gmt":"2026-04-29T05:14:42","guid":{"rendered":"https:\/\/revistadigitalnororiente.com.mx\/?p=3819"},"modified":"2026-04-28T23:14:42","modified_gmt":"2026-04-29T05:14:42","slug":"transformacion-en-ocotepec-miguel-cuellar-consolida-obra-publica","status":"publish","type":"post","link":"https:\/\/revistadigitalnororiente.com.mx\/index.php\/2026\/04\/28\/transformacion-en-ocotepec-miguel-cuellar-consolida-obra-publica\/","title":{"rendered":"Transformaci\u00f3n en Ocotepec: Miguel Cu\u00e9llar consolida obra p\u00fablica"},"content":{"rendered":"<p><img fetchpriority=\"high\" decoding=\"async\" class=\"size-medium wp-image-3820 alignleft\" src=\"https:\/\/revistadigitalnororiente.com.mx\/wp-content\/uploads\/2026\/04\/4d0cb004-b86b-423c-92d4-76a1723a75dd-300x200.jpg\" alt=\"\" width=\"300\" height=\"200\" srcset=\"https:\/\/revistadigitalnororiente.com.mx\/wp-content\/uploads\/2026\/04\/4d0cb004-b86b-423c-92d4-76a1723a75dd-300x200.jpg 300w, https:\/\/revistadigitalnororiente.com.mx\/wp-content\/uploads\/2026\/04\/4d0cb004-b86b-423c-92d4-76a1723a75dd-1024x682.jpg 1024w, https:\/\/revistadigitalnororiente.com.mx\/wp-content\/uploads\/2026\/04\/4d0cb004-b86b-423c-92d4-76a1723a75dd-768x512.jpg 768w, https:\/\/revistadigitalnororiente.com.mx\/wp-content\/uploads\/2026\/04\/4d0cb004-b86b-423c-92d4-76a1723a75dd-1536x1023.jpg 1536w, https:\/\/revistadigitalnororiente.com.mx\/wp-content\/uploads\/2026\/04\/4d0cb004-b86b-423c-92d4-76a1723a75dd.jpg 1600w\" sizes=\"(max-width: 300px) 100vw, 300px\" \/><\/p>\n<p style=\"text-align: justify;\"><strong>\u200bCon una inversi\u00f3n superior a los 2.9 millones de pesos, el Ayuntamiento de Jalacingo moderniza la conectividad en la comunidad.<\/strong><\/p>\n<p style=\"text-align: justify;\">\u200bJALACINGO, VERACRUZ.\u2014 El Presidente Municipal, Miguel Vicente Cu\u00e9llar Contreras, reafirm\u00f3 su compromiso con el progreso al inaugurar la pavimentaci\u00f3n mixta en la calle Luis Donaldo Colosio. Este proyecto, que representa una inversi\u00f3n de $2,988,750.57, es un pilar fundamental para elevar la calidad de vida en Ocotepec, logrando una conexi\u00f3n estrat\u00e9gica entre la Avenida El Rosario y el coraz\u00f3n de la localidad.<\/p>\n<p><img decoding=\"async\" class=\" wp-image-3823 alignright\" src=\"https:\/\/revistadigitalnororiente.com.mx\/wp-content\/uploads\/2026\/04\/bcc93d91-72c8-47ab-b78f-00824c131dea-300x200.jpg\" alt=\"\" width=\"339\" height=\"226\" srcset=\"https:\/\/revistadigitalnororiente.com.mx\/wp-content\/uploads\/2026\/04\/bcc93d91-72c8-47ab-b78f-00824c131dea-300x200.jpg 300w, https:\/\/revistadigitalnororiente.com.mx\/wp-content\/uploads\/2026\/04\/bcc93d91-72c8-47ab-b78f-00824c131dea-1024x682.jpg 1024w, https:\/\/revistadigitalnororiente.com.mx\/wp-content\/uploads\/2026\/04\/bcc93d91-72c8-47ab-b78f-00824c131dea-768x512.jpg 768w, https:\/\/revistadigitalnororiente.com.mx\/wp-content\/uploads\/2026\/04\/bcc93d91-72c8-47ab-b78f-00824c131dea-1536x1023.jpg 1536w, https:\/\/revistadigitalnororiente.com.mx\/wp-content\/uploads\/2026\/04\/bcc93d91-72c8-47ab-b78f-00824c131dea.jpg 1600w\" sizes=\"(max-width: 339px) 100vw, 339px\" \/><\/p>\n<p style=\"text-align: justify;\">\u200bLa modernizaci\u00f3n de esta v\u00eda no es solo un avance t\u00e9cnico, sino un acto de justicia social para los habitantes de la zona. Con materiales de alta resistencia, la pavimentaci\u00f3n mixta garantiza durabilidad y una movilidad eficiente bajo cualquier condici\u00f3n clim\u00e1tica. El cuerpo edilicio y las autoridades municipales supervisaron el arranque, asegurando que cada recurso se traduzca en beneficios directos y palpables para la ciudadan\u00eda.<\/p>\n<p style=\"text-align: justify;\">\u200bEl evento cont\u00f3 con el respaldo de la S\u00edndica \u00danica, Catalina Murrieta Hern\u00e1ndez, y los regidores del gobierno, quienes junto a la representaci\u00f3n del DIF, celebraron el banderzo de inicio en los trabajos. La presencia del Consejo Comunitario y el Agente Municipal electo subray\u00f3 la unidad entre pueblo y gobierno. Esta colaboraci\u00f3n estrecha es la clave para que la infraestructura urbana alcance est\u00e1ndares de excelencia en la obra de esta localidad.<\/p>\n<p style=\"text-align: justify;\"><img decoding=\"async\" class=\"size-medium wp-image-3822 alignleft\" src=\"https:\/\/revistadigitalnororiente.com.mx\/wp-content\/uploads\/2026\/04\/59644e33-e53e-4285-9cfd-e527c175b405-300x200.jpg\" alt=\"\" width=\"300\" height=\"200\" srcset=\"https:\/\/revistadigitalnororiente.com.mx\/wp-content\/uploads\/2026\/04\/59644e33-e53e-4285-9cfd-e527c175b405-300x200.jpg 300w, https:\/\/revistadigitalnororiente.com.mx\/wp-content\/uploads\/2026\/04\/59644e33-e53e-4285-9cfd-e527c175b405-1024x682.jpg 1024w, https:\/\/revistadigitalnororiente.com.mx\/wp-content\/uploads\/2026\/04\/59644e33-e53e-4285-9cfd-e527c175b405-768x512.jpg 768w, https:\/\/revistadigitalnororiente.com.mx\/wp-content\/uploads\/2026\/04\/59644e33-e53e-4285-9cfd-e527c175b405-1536x1023.jpg 1536w, https:\/\/revistadigitalnororiente.com.mx\/wp-content\/uploads\/2026\/04\/59644e33-e53e-4285-9cfd-e527c175b405.jpg 1600w\" sizes=\"(max-width: 300px) 100vw, 300px\" \/>En un mensaje contundente, Cu\u00e9llar Contreras destac\u00f3 que el bienestar de Jalacingo es la prioridad absoluta de su administraci\u00f3n actual; <em>&#8220;Trabajamos de la mano con la gente, llevando obras que generan desarrollo real&#8221;,<\/em> puntualiz\u00f3 el mandatario municipal durante el banderazo oficial. La visi\u00f3n del gobierno se enfoca en abatir el rezago social mediante proyectos que detonen el crecimiento econ\u00f3mico y la plusval\u00eda de la propiedad privada.<\/p>\n<p style=\"text-align: justify;\">\u200bEn conclusi\u00f3n, el H. Ayuntamiento de Jalacingo garantiza que la supervisi\u00f3n de la obra ser\u00e1 rigurosa para cumplir con los tiempos de entrega programados. El compromiso con la transparencia y la calidad t\u00e9cnica asegura que este camino sea el inicio de una nueva etapa de prosperidad. Con acciones firmes y resultados visibles, la administraci\u00f3n municipal demuestra que en Jalacingo el progreso es una realidad que apenas comienza a expandirse.<\/p>\n","protected":false},"excerpt":{"rendered":"<p>\u200bCon una inversi\u00f3n superior a los 2.9 millones de pesos, el Ayuntamiento de Jalacingo moderniza&#8230;<\/p>\n","protected":false},"author":3,"featured_media":3821,"comment_status":"open","ping_status":"open","sticky":false,"template":"","format":"standard","meta":{"om_disable_all_campaigns":false,"_monsterinsights_skip_tracking":false,"_monsterinsights_sitenote_active":false,"_monsterinsights_sitenote_note":"","_monsterinsights_sitenote_category":0,"footnotes":""},"categories":[7,11],"tags":[],"class_list":["post-3819","post","type-post","status-publish","format-standard","has-post-thumbnail","hentry","category-politica","category-regional"],"aioseo_notices":[],"featured_image_urls":{"full":["https:\/\/revistadigitalnororiente.com.mx\/wp-content\/uploads\/2026\/04\/93e17688-792a-4496-a37d-0e8a76490e52.jpg",1600,1066,false],"thumbnail":["https:\/\/revistadigitalnororiente.com.mx\/wp-content\/uploads\/2026\/04\/93e17688-792a-4496-a37d-0e8a76490e52-150x150.jpg",150,150,true],"medium":["https:\/\/revistadigitalnororiente.com.mx\/wp-content\/uploads\/2026\/04\/93e17688-792a-4496-a37d-0e8a76490e52-300x200.jpg",300,200,true],"medium_large":["https:\/\/revistadigitalnororiente.com.mx\/wp-content\/uploads\/2026\/04\/93e17688-792a-4496-a37d-0e8a76490e52-768x512.jpg",640,427,true],"large":["https:\/\/revistadigitalnororiente.com.mx\/wp-content\/uploads\/2026\/04\/93e17688-792a-4496-a37d-0e8a76490e52-1024x682.jpg",640,426,true],"1536x1536":["https:\/\/revistadigitalnororiente.com.mx\/wp-content\/uploads\/2026\/04\/93e17688-792a-4496-a37d-0e8a76490e52-1536x1023.jpg",1536,1023,true],"2048x2048":["https:\/\/revistadigitalnororiente.com.mx\/wp-content\/uploads\/2026\/04\/93e17688-792a-4496-a37d-0e8a76490e52.jpg",1600,1066,false],"covernews-featured":["https:\/\/revistadigitalnororiente.com.mx\/wp-content\/uploads\/2026\/04\/93e17688-792a-4496-a37d-0e8a76490e52-1024x682.jpg",1024,682,true],"covernews-medium":["https:\/\/revistadigitalnororiente.com.mx\/wp-content\/uploads\/2026\/04\/93e17688-792a-4496-a37d-0e8a76490e52-540x340.jpg",540,340,true]},"author_info":{"display_name":"REVISTA DIGITAL NORORIENTE","author_link":"https:\/\/revistadigitalnororiente.com.mx\/index.php\/author\/adminr\/"},"category_info":"<a href=\"https:\/\/revistadigitalnororiente.com.mx\/index.php\/category\/politica\/\" rel=\"category tag\">Pol\u00edtica<\/a> <a href=\"https:\/\/revistadigitalnororiente.com.mx\/index.php\/category\/regional\/\" rel=\"category tag\">Regional<\/a>","tag_info":"Regional","comment_count":"0","_links":{"self":[{"href":"https:\/\/revistadigitalnororiente.com.mx\/index.php\/wp-json\/wp\/v2\/posts\/3819","targetHints":{"allow":["GET"]}}],"collection":[{"href":"https:\/\/revistadigitalnororiente.com.mx\/index.php\/wp-json\/wp\/v2\/posts"}],"about":[{"href":"https:\/\/revistadigitalnororiente.com.mx\/index.php\/wp-json\/wp\/v2\/types\/post"}],"author":[{"embeddable":true,"href":"https:\/\/revistadigitalnororiente.com.mx\/index.php\/wp-json\/wp\/v2\/users\/3"}],"replies":[{"embeddable":true,"href":"https:\/\/revistadigitalnororiente.com.mx\/index.php\/wp-json\/wp\/v2\/comments?post=3819"}],"version-history":[{"count":1,"href":"https:\/\/revistadigitalnororiente.com.mx\/index.php\/wp-json\/wp\/v2\/posts\/3819\/revisions"}],"predecessor-version":[{"id":3824,"href":"https:\/\/revistadigitalnororiente.com.mx\/index.php\/wp-json\/wp\/v2\/posts\/3819\/revisions\/3824"}],"wp:featuredmedia":[{"embeddable":true,"href":"https:\/\/revistadigitalnororiente.com.mx\/index.php\/wp-json\/wp\/v2\/media\/3821"}],"wp:attachment":[{"href":"https:\/\/revistadigitalnororiente.com.mx\/index.php\/wp-json\/wp\/v2\/media?parent=3819"}],"wp:term":[{"taxonomy":"category","embeddable":true,"href":"https:\/\/revistadigitalnororiente.com.mx\/index.php\/wp-json\/wp\/v2\/categories?post=3819"},{"taxonomy":"post_tag","embeddable":true,"href":"https:\/\/revistadigitalnororiente.com.mx\/index.php\/wp-json\/wp\/v2\/tags?post=3819"}],"curies":[{"name":"wp","href":"https:\/\/api.w.org\/{rel}","templated":true}]}}