{"id":3814,"date":"2026-04-28T10:47:28","date_gmt":"2026-04-28T16:47:28","guid":{"rendered":"https:\/\/revistadigitalnororiente.com.mx\/?p=3814"},"modified":"2026-04-28T10:47:28","modified_gmt":"2026-04-28T16:47:28","slug":"coparmex-reconoce-a-la-feria-de-puebla-como-espacio-clave-para-productores-locales","status":"publish","type":"post","link":"https:\/\/revistadigitalnororiente.com.mx\/index.php\/2026\/04\/28\/coparmex-reconoce-a-la-feria-de-puebla-como-espacio-clave-para-productores-locales\/","title":{"rendered":"COPARMEX RECONOCE A LA FERIA DE PUEBLA COMO ESPACIO CLAVE PARA PRODUCTORES LOCALES"},"content":{"rendered":"<p><img fetchpriority=\"high\" decoding=\"async\" class=\" wp-image-3810 alignleft\" src=\"https:\/\/revistadigitalnororiente.com.mx\/wp-content\/uploads\/2026\/04\/406534ba-4cfd-4e25-8603-9f1002fd838f-300x200.jpg\" alt=\"\" width=\"353\" height=\"235\" srcset=\"https:\/\/revistadigitalnororiente.com.mx\/wp-content\/uploads\/2026\/04\/406534ba-4cfd-4e25-8603-9f1002fd838f-300x200.jpg 300w, https:\/\/revistadigitalnororiente.com.mx\/wp-content\/uploads\/2026\/04\/406534ba-4cfd-4e25-8603-9f1002fd838f-1024x682.jpg 1024w, https:\/\/revistadigitalnororiente.com.mx\/wp-content\/uploads\/2026\/04\/406534ba-4cfd-4e25-8603-9f1002fd838f-768x512.jpg 768w, https:\/\/revistadigitalnororiente.com.mx\/wp-content\/uploads\/2026\/04\/406534ba-4cfd-4e25-8603-9f1002fd838f.jpg 1280w\" sizes=\"(max-width: 353px) 100vw, 353px\" \/><\/p>\n<p style=\"text-align: justify;\"><strong>&#8211; Este modelo de feria promueve consumo local, innovaci\u00f3n y vinculaci\u00f3n multisectorial.<\/strong><\/p>\n<p style=\"text-align: justify;\">PUEBLA, Pue.- Al resaltar que la inclusi\u00f3n del sector empresarial en el comit\u00e9 organizador de la Feria de Puebla 2026 permiti\u00f3 integrar propuestas de experiencias previas, lo que deriv\u00f3 en una feria m\u00e1s completa, incluyente, la presidenta de COPARMEX Puebla, Beatriz Camacho se\u00f1al\u00f3 este evento esta orientado al fortalecimiento del comercio local, la innovaci\u00f3n y la participaci\u00f3n social.<\/p>\n<p style=\"text-align: justify;\">Integrantes de la Confederaci\u00f3n Patronal de la Rep\u00fablica Mexicana (COPARMEX) realizaron un recorrido por la Feria de Puebla 2026 como parte del Comit\u00e9 Organizador, y reafirmaron la confianza del sector empresarial en el modelo impulsado por el Gobierno del Estado, enfocado en desarrollo econ\u00f3mico, seguridad y bienestar, en l\u00ednea con la visi\u00f3n del gobernador Alejandro Armenta Mier.<\/p>\n<p style=\"text-align: justify;\">Durante el recorrido, la presidenta de COPARMEX Puebla, mencion\u00f3 la estrategia de seguridad implementada por el Gobierno del Estado, la cual ha permitido un desarrollo sin incidentes, as\u00ed como el regreso a estos espacios por parte de las y los productores y comerciantes que dependen de esta actividad anual.<\/p>\n<p><img decoding=\"async\" class=\" wp-image-3811 alignright\" src=\"https:\/\/revistadigitalnororiente.com.mx\/wp-content\/uploads\/2026\/04\/c78db083-846a-4d4b-93e7-36c1a24f1026-300x214.jpg\" alt=\"\" width=\"317\" height=\"226\" srcset=\"https:\/\/revistadigitalnororiente.com.mx\/wp-content\/uploads\/2026\/04\/c78db083-846a-4d4b-93e7-36c1a24f1026-300x214.jpg 300w, https:\/\/revistadigitalnororiente.com.mx\/wp-content\/uploads\/2026\/04\/c78db083-846a-4d4b-93e7-36c1a24f1026-1024x731.jpg 1024w, https:\/\/revistadigitalnororiente.com.mx\/wp-content\/uploads\/2026\/04\/c78db083-846a-4d4b-93e7-36c1a24f1026-768x548.jpg 768w, https:\/\/revistadigitalnororiente.com.mx\/wp-content\/uploads\/2026\/04\/c78db083-846a-4d4b-93e7-36c1a24f1026.jpg 1280w\" sizes=\"(max-width: 317px) 100vw, 317px\" \/><\/p>\n<p style=\"text-align: justify;\">Por su parte, la integrante de la Comisi\u00f3n de Responsabilidad Social de COPARMEX, Lili C\u00e1zares, puntualiz\u00f3 sobre el valor social, tur\u00edstico y econ\u00f3mico de la feria, as\u00ed como la inversi\u00f3n realizada para fortalecer la experiencia familiar e interactiva. Reconoci\u00f3 la inclusi\u00f3n de actividades para ni\u00f1as y ni\u00f1os, as\u00ed como el impulso a empresas poblanas y comunidades. Asimismo, invit\u00f3 a la ciudadan\u00eda a asistir con confianza, al tratarse de un espacio seguro y accesible que fomenta el consumo local y la convivencia social.<\/p>\n<p style=\"text-align: justify;\">El presidente de la Comisi\u00f3n de Educaci\u00f3n de COPARMEX, Javier M\u00e9ndez, destac\u00f3 la transformaci\u00f3n integral de la feria, al incorporar espacios innovadores que fortalecen sectores econ\u00f3micos regionales y promueven la vinculaci\u00f3n entre gobierno, empresas e instituciones educativas. Reconoci\u00f3 el liderazgo del gobernador Alejandro Armenta Mier y afirm\u00f3 que existe confianza del sector empresarial para invertir y participar activamente en el desarrollo del estado.<\/p>\n<p><img decoding=\"async\" class=\" wp-image-3807 alignleft\" src=\"https:\/\/revistadigitalnororiente.com.mx\/wp-content\/uploads\/2026\/04\/0ae20f38-d2f8-4778-9bd6-f10299cfc4e6-300x215.jpg\" alt=\"\" width=\"333\" height=\"239\" srcset=\"https:\/\/revistadigitalnororiente.com.mx\/wp-content\/uploads\/2026\/04\/0ae20f38-d2f8-4778-9bd6-f10299cfc4e6-300x215.jpg 300w, https:\/\/revistadigitalnororiente.com.mx\/wp-content\/uploads\/2026\/04\/0ae20f38-d2f8-4778-9bd6-f10299cfc4e6-1024x734.jpg 1024w, https:\/\/revistadigitalnororiente.com.mx\/wp-content\/uploads\/2026\/04\/0ae20f38-d2f8-4778-9bd6-f10299cfc4e6-768x551.jpg 768w, https:\/\/revistadigitalnororiente.com.mx\/wp-content\/uploads\/2026\/04\/0ae20f38-d2f8-4778-9bd6-f10299cfc4e6.jpg 1280w\" sizes=\"(max-width: 333px) 100vw, 333px\" \/><\/p>\n<p style=\"text-align: justify;\">En representaci\u00f3n del Gobierno del Estado, el coordinador general de la Feria de Puebla, Juan Carlos Moreno Valle, encabez\u00f3 el recorrido con integrantes de la Confederaci\u00f3n Patronal de la Rep\u00fablica Mexicana (COPARMEX), organismo que forma parte de los ocho comit\u00e9s organizadores del evento. Indic\u00f3 que la instrucci\u00f3n del gobernador ha sido integrar a las c\u00e1maras empresariales para evaluar, proponer y mejorar continuamente la feria. Subray\u00f3 que este ejercicio permite enriquecer la experiencia, fortalecer la oferta y garantizar resultados positivos para productores, comerciantes y visitantes.<\/p>\n<p><img loading=\"lazy\" decoding=\"async\" class=\" wp-image-3808 alignleft\" src=\"https:\/\/revistadigitalnororiente.com.mx\/wp-content\/uploads\/2026\/04\/2c2906aa-e32c-440c-9f04-2e060818f1a2-300x200.jpg\" alt=\"\" width=\"369\" height=\"246\" srcset=\"https:\/\/revistadigitalnororiente.com.mx\/wp-content\/uploads\/2026\/04\/2c2906aa-e32c-440c-9f04-2e060818f1a2-300x200.jpg 300w, https:\/\/revistadigitalnororiente.com.mx\/wp-content\/uploads\/2026\/04\/2c2906aa-e32c-440c-9f04-2e060818f1a2-1024x682.jpg 1024w, https:\/\/revistadigitalnororiente.com.mx\/wp-content\/uploads\/2026\/04\/2c2906aa-e32c-440c-9f04-2e060818f1a2-768x512.jpg 768w, https:\/\/revistadigitalnororiente.com.mx\/wp-content\/uploads\/2026\/04\/2c2906aa-e32c-440c-9f04-2e060818f1a2.jpg 1280w\" sizes=\"(max-width: 369px) 100vw, 369px\" \/><\/p>\n<p style=\"text-align: justify;\">En el \u00e1mbito acad\u00e9mico, la rectora de USIC Universidad, Ang\u00e9lica Mazari Pineda, invitada por COPARMEX, refiri\u00f3 sobre el car\u00e1cter formativo de la feria, especialmente en \u00e1reas dirigidas a la ni\u00f1ez, donde se fomenta el aprendizaje integral mediante experiencias interactivas. Mencion\u00f3 la importancia de la promoci\u00f3n del consumo local y el impulso a productores regionales, as\u00ed como el valor agregado que posiciona a la Feria de Puebla como un referente a nivel nacional.<\/p>\n<p style=\"text-align: justify;\">Durante la visita, los integrantes de COPARMEX recorrieron diversos pabellones, entre ellos \u201cPueblita\u201d, donde conocieron experiencias educativas como simulaciones aeroportuarias, espacios interactivos, acuarios, \u00e1reas de salud, cine, supermercado, zonas tem\u00e1ticas y actividades de conciencia ambiental. Tambi\u00e9n visitaron pabellones de eco educaci\u00f3n, maquinaria a escala, f\u00fatbol con ocho din\u00e1micas, el pabell\u00f3n regional con gastronom\u00eda tradicional y espacios como la expo militar, ganadera y agr\u00edcola, lo que refleja una oferta integral con impacto en m\u00faltiples sectores.<\/p>\n","protected":false},"excerpt":{"rendered":"<p>&#8211; Este modelo de feria promueve consumo local, innovaci\u00f3n y vinculaci\u00f3n multisectorial. PUEBLA, Pue.- Al&#8230;<\/p>\n","protected":false},"author":3,"featured_media":3812,"comment_status":"open","ping_status":"open","sticky":false,"template":"","format":"standard","meta":{"om_disable_all_campaigns":false,"_monsterinsights_skip_tracking":false,"_monsterinsights_sitenote_active":false,"_monsterinsights_sitenote_note":"","_monsterinsights_sitenote_category":0,"footnotes":""},"categories":[7,11],"tags":[],"class_list":["post-3814","post","type-post","status-publish","format-standard","has-post-thumbnail","hentry","category-politica","category-regional"],"aioseo_notices":[],"featured_image_urls":{"full":["https:\/\/revistadigitalnororiente.com.mx\/wp-content\/uploads\/2026\/04\/f8502f3d-39e9-495e-b700-51f9c29e7bbd.jpg",1280,853,false],"thumbnail":["https:\/\/revistadigitalnororiente.com.mx\/wp-content\/uploads\/2026\/04\/f8502f3d-39e9-495e-b700-51f9c29e7bbd-150x150.jpg",150,150,true],"medium":["https:\/\/revistadigitalnororiente.com.mx\/wp-content\/uploads\/2026\/04\/f8502f3d-39e9-495e-b700-51f9c29e7bbd-300x200.jpg",300,200,true],"medium_large":["https:\/\/revistadigitalnororiente.com.mx\/wp-content\/uploads\/2026\/04\/f8502f3d-39e9-495e-b700-51f9c29e7bbd-768x512.jpg",640,427,true],"large":["https:\/\/revistadigitalnororiente.com.mx\/wp-content\/uploads\/2026\/04\/f8502f3d-39e9-495e-b700-51f9c29e7bbd-1024x682.jpg",640,426,true],"1536x1536":["https:\/\/revistadigitalnororiente.com.mx\/wp-content\/uploads\/2026\/04\/f8502f3d-39e9-495e-b700-51f9c29e7bbd.jpg",1280,853,false],"2048x2048":["https:\/\/revistadigitalnororiente.com.mx\/wp-content\/uploads\/2026\/04\/f8502f3d-39e9-495e-b700-51f9c29e7bbd.jpg",1280,853,false],"covernews-featured":["https:\/\/revistadigitalnororiente.com.mx\/wp-content\/uploads\/2026\/04\/f8502f3d-39e9-495e-b700-51f9c29e7bbd-1024x682.jpg",1024,682,true],"covernews-medium":["https:\/\/revistadigitalnororiente.com.mx\/wp-content\/uploads\/2026\/04\/f8502f3d-39e9-495e-b700-51f9c29e7bbd-540x340.jpg",540,340,true]},"author_info":{"display_name":"REVISTA DIGITAL NORORIENTE","author_link":"https:\/\/revistadigitalnororiente.com.mx\/index.php\/author\/adminr\/"},"category_info":"<a href=\"https:\/\/revistadigitalnororiente.com.mx\/index.php\/category\/politica\/\" rel=\"category tag\">Pol\u00edtica<\/a> <a href=\"https:\/\/revistadigitalnororiente.com.mx\/index.php\/category\/regional\/\" rel=\"category tag\">Regional<\/a>","tag_info":"Regional","comment_count":"0","_links":{"self":[{"href":"https:\/\/revistadigitalnororiente.com.mx\/index.php\/wp-json\/wp\/v2\/posts\/3814","targetHints":{"allow":["GET"]}}],"collection":[{"href":"https:\/\/revistadigitalnororiente.com.mx\/index.php\/wp-json\/wp\/v2\/posts"}],"about":[{"href":"https:\/\/revistadigitalnororiente.com.mx\/index.php\/wp-json\/wp\/v2\/types\/post"}],"author":[{"embeddable":true,"href":"https:\/\/revistadigitalnororiente.com.mx\/index.php\/wp-json\/wp\/v2\/users\/3"}],"replies":[{"embeddable":true,"href":"https:\/\/revistadigitalnororiente.com.mx\/index.php\/wp-json\/wp\/v2\/comments?post=3814"}],"version-history":[{"count":1,"href":"https:\/\/revistadigitalnororiente.com.mx\/index.php\/wp-json\/wp\/v2\/posts\/3814\/revisions"}],"predecessor-version":[{"id":3815,"href":"https:\/\/revistadigitalnororiente.com.mx\/index.php\/wp-json\/wp\/v2\/posts\/3814\/revisions\/3815"}],"wp:featuredmedia":[{"embeddable":true,"href":"https:\/\/revistadigitalnororiente.com.mx\/index.php\/wp-json\/wp\/v2\/media\/3812"}],"wp:attachment":[{"href":"https:\/\/revistadigitalnororiente.com.mx\/index.php\/wp-json\/wp\/v2\/media?parent=3814"}],"wp:term":[{"taxonomy":"category","embeddable":true,"href":"https:\/\/revistadigitalnororiente.com.mx\/index.php\/wp-json\/wp\/v2\/categories?post=3814"},{"taxonomy":"post_tag","embeddable":true,"href":"https:\/\/revistadigitalnororiente.com.mx\/index.php\/wp-json\/wp\/v2\/tags?post=3814"}],"curies":[{"name":"wp","href":"https:\/\/api.w.org\/{rel}","templated":true}]}}