{"id":3798,"date":"2026-04-28T10:20:01","date_gmt":"2026-04-28T16:20:01","guid":{"rendered":"https:\/\/revistadigitalnororiente.com.mx\/?p=3798"},"modified":"2026-04-28T10:20:01","modified_gmt":"2026-04-28T16:20:01","slug":"presidenta-impulsa-a-teziutlan-la-perla-de-la-sierra-en-el-tianguis-turistico-2026","status":"publish","type":"post","link":"https:\/\/revistadigitalnororiente.com.mx\/index.php\/2026\/04\/28\/presidenta-impulsa-a-teziutlan-la-perla-de-la-sierra-en-el-tianguis-turistico-2026\/","title":{"rendered":"Presidenta impulsa a Teziutl\u00e1n, la \u201cPerla de la Sierra\u201d, en el Tianguis Tur\u00edstico 2026"},"content":{"rendered":"<p><img fetchpriority=\"high\" decoding=\"async\" class=\" wp-image-3796 alignleft\" src=\"https:\/\/revistadigitalnororiente.com.mx\/wp-content\/uploads\/2026\/04\/78199b91-88b8-4d53-9705-fb63cc45c7c9-240x300.jpg\" alt=\"\" width=\"288\" height=\"361\" srcset=\"https:\/\/revistadigitalnororiente.com.mx\/wp-content\/uploads\/2026\/04\/78199b91-88b8-4d53-9705-fb63cc45c7c9-240x300.jpg 240w, https:\/\/revistadigitalnororiente.com.mx\/wp-content\/uploads\/2026\/04\/78199b91-88b8-4d53-9705-fb63cc45c7c9-819x1024.jpg 819w, https:\/\/revistadigitalnororiente.com.mx\/wp-content\/uploads\/2026\/04\/78199b91-88b8-4d53-9705-fb63cc45c7c9-768x960.jpg 768w, https:\/\/revistadigitalnororiente.com.mx\/wp-content\/uploads\/2026\/04\/78199b91-88b8-4d53-9705-fb63cc45c7c9.jpg 1024w\" sizes=\"(max-width: 288px) 100vw, 288px\" \/><\/p>\n<p style=\"text-align: justify;\">\u200b<strong>. _La alcaldesa Karla Mart\u00ednez Gallegos encabeza la delegaci\u00f3n del Pueblo M\u00e1gico en Acapulco, Guerrero, logrando acuerdos estrat\u00e9gicos con turoperadores globales del 26 al 30 de abril.<\/strong><\/p>\n<p style=\"text-align: justify;\">\u200bAcapulco, Guerrero.<br \/>\n\u200bLa presidenta municipal de Teziutl\u00e1n, Karla Mart\u00ednez Gallegos, lidera la comitiva oficial en la edici\u00f3n 50 del Tianguis Tur\u00edstico 2026, celebrada en la sede Expo Mundo Imperial. En este marco, la alcaldesa promociona activamente a Teziutl\u00e1n, la \u201cPerla de la Sierra\u201d, como un destino de excelencia, posicionando su nombramiento como Pueblo M\u00e1gico ante las agencias de viajes y los prestadores de servicios m\u00e1s influyentes del sector.<\/p>\n<p style=\"text-align: justify;\">\u200bDurante la jornada que se desarrolla del 26 al 30 de abril, la gesti\u00f3n de Mart\u00ednez Gallegos ejecuta una agenda de negocios dise\u00f1ada para vender la identidad, riqueza hist\u00f3rica y biodiversidad teziuteca. La meta es consolidar al municipio como una oferta atractiva y viable, asegurando que la infraestructura de servicios del gobierno 2024-2027 capte el inter\u00e9s de los mercados nacionales e internacionales presentes en este aniversario de oro.<\/p>\n<p style=\"text-align: justify;\">\u200bAcompa\u00f1ada por el Director de Turismo, Ramiro V\u00e1zquez, la presidenta municipal destaca que la presencia en este foro es crucial para detonar la econom\u00eda regional a trav\u00e9s de la derrama econ\u00f3mica tur\u00edstica. Al promover la gastronom\u00eda y los paisajes de la &#8220;Perla de la Sierra&#8221;, se busca establecer convenios directos que garanticen la llegada de visitantes durante todo el a\u00f1o, fortaleciendo el tejido social de los habitantes.<\/p>\n<p><img decoding=\"async\" class=\" wp-image-3794 alignright\" src=\"https:\/\/revistadigitalnororiente.com.mx\/wp-content\/uploads\/2026\/04\/9c5a38bb-e23f-4c22-94aa-36a9fd0d3a8f-240x300.jpg\" alt=\"\" width=\"299\" height=\"374\" srcset=\"https:\/\/revistadigitalnororiente.com.mx\/wp-content\/uploads\/2026\/04\/9c5a38bb-e23f-4c22-94aa-36a9fd0d3a8f-240x300.jpg 240w, https:\/\/revistadigitalnororiente.com.mx\/wp-content\/uploads\/2026\/04\/9c5a38bb-e23f-4c22-94aa-36a9fd0d3a8f-819x1024.jpg 819w, https:\/\/revistadigitalnororiente.com.mx\/wp-content\/uploads\/2026\/04\/9c5a38bb-e23f-4c22-94aa-36a9fd0d3a8f-768x960.jpg 768w, https:\/\/revistadigitalnororiente.com.mx\/wp-content\/uploads\/2026\/04\/9c5a38bb-e23f-4c22-94aa-36a9fd0d3a8f.jpg 1024w\" sizes=\"(max-width: 299px) 100vw, 299px\" \/><\/p>\n<p style=\"text-align: justify;\">\u200bUn momento clave de la agenda ocurrir\u00e1 este mi\u00e9rcoles a las 18:00 horas, cuando la sede de Acapulco ceda formalmente la estafeta a la ciudad de Puebla, encargada de organizar el Tianguis Tur\u00edstico 2027. Este traspaso de mando coloca a Teziutl\u00e1n en el centro de la estrategia estatal, permitiendo que la administraci\u00f3n de Karla Mart\u00ednez anticipe acuerdos de promoci\u00f3n que se capitalizar\u00e1n en la pr\u00f3xima edici\u00f3n anual.<\/p>\n<p style=\"text-align: justify;\">La participaci\u00f3n de Teziutl\u00e1n en este evento de car\u00e1cter internacional reafirma el compromiso de la presidenta municipal por exaltar la riqueza cultural y natural de su municipio. Con estas acciones de promoci\u00f3n estrat\u00e9gica, la &#8220;Perla de la Sierra&#8221; se consolida como un motor del desarrollo tur\u00edstico sostenible, asegurando una proyecci\u00f3n sin precedentes para el futuro econ\u00f3mico del Pueblo M\u00e1gico.<\/p>\n","protected":false},"excerpt":{"rendered":"<p>\u200b. _La alcaldesa Karla Mart\u00ednez Gallegos encabeza la delegaci\u00f3n del Pueblo M\u00e1gico en Acapulco, Guerrero,&#8230;<\/p>\n","protected":false},"author":3,"featured_media":3795,"comment_status":"open","ping_status":"open","sticky":false,"template":"","format":"standard","meta":{"om_disable_all_campaigns":false,"_monsterinsights_skip_tracking":false,"_monsterinsights_sitenote_active":false,"_monsterinsights_sitenote_note":"","_monsterinsights_sitenote_category":0,"footnotes":""},"categories":[7,11],"tags":[],"class_list":["post-3798","post","type-post","status-publish","format-standard","has-post-thumbnail","hentry","category-politica","category-regional"],"aioseo_notices":[],"featured_image_urls":{"full":["https:\/\/revistadigitalnororiente.com.mx\/wp-content\/uploads\/2026\/04\/146d1070-f580-409d-9241-ea99cc92294e.jpg",964,1280,false],"thumbnail":["https:\/\/revistadigitalnororiente.com.mx\/wp-content\/uploads\/2026\/04\/146d1070-f580-409d-9241-ea99cc92294e-150x150.jpg",150,150,true],"medium":["https:\/\/revistadigitalnororiente.com.mx\/wp-content\/uploads\/2026\/04\/146d1070-f580-409d-9241-ea99cc92294e-226x300.jpg",226,300,true],"medium_large":["https:\/\/revistadigitalnororiente.com.mx\/wp-content\/uploads\/2026\/04\/146d1070-f580-409d-9241-ea99cc92294e-768x1020.jpg",640,850,true],"large":["https:\/\/revistadigitalnororiente.com.mx\/wp-content\/uploads\/2026\/04\/146d1070-f580-409d-9241-ea99cc92294e-771x1024.jpg",640,850,true],"1536x1536":["https:\/\/revistadigitalnororiente.com.mx\/wp-content\/uploads\/2026\/04\/146d1070-f580-409d-9241-ea99cc92294e.jpg",964,1280,false],"2048x2048":["https:\/\/revistadigitalnororiente.com.mx\/wp-content\/uploads\/2026\/04\/146d1070-f580-409d-9241-ea99cc92294e.jpg",964,1280,false],"covernews-featured":["https:\/\/revistadigitalnororiente.com.mx\/wp-content\/uploads\/2026\/04\/146d1070-f580-409d-9241-ea99cc92294e.jpg",964,1280,false],"covernews-medium":["https:\/\/revistadigitalnororiente.com.mx\/wp-content\/uploads\/2026\/04\/146d1070-f580-409d-9241-ea99cc92294e-540x340.jpg",540,340,true]},"author_info":{"display_name":"REVISTA DIGITAL NORORIENTE","author_link":"https:\/\/revistadigitalnororiente.com.mx\/index.php\/author\/adminr\/"},"category_info":"<a href=\"https:\/\/revistadigitalnororiente.com.mx\/index.php\/category\/politica\/\" rel=\"category tag\">Pol\u00edtica<\/a> <a href=\"https:\/\/revistadigitalnororiente.com.mx\/index.php\/category\/regional\/\" rel=\"category tag\">Regional<\/a>","tag_info":"Regional","comment_count":"0","_links":{"self":[{"href":"https:\/\/revistadigitalnororiente.com.mx\/index.php\/wp-json\/wp\/v2\/posts\/3798","targetHints":{"allow":["GET"]}}],"collection":[{"href":"https:\/\/revistadigitalnororiente.com.mx\/index.php\/wp-json\/wp\/v2\/posts"}],"about":[{"href":"https:\/\/revistadigitalnororiente.com.mx\/index.php\/wp-json\/wp\/v2\/types\/post"}],"author":[{"embeddable":true,"href":"https:\/\/revistadigitalnororiente.com.mx\/index.php\/wp-json\/wp\/v2\/users\/3"}],"replies":[{"embeddable":true,"href":"https:\/\/revistadigitalnororiente.com.mx\/index.php\/wp-json\/wp\/v2\/comments?post=3798"}],"version-history":[{"count":1,"href":"https:\/\/revistadigitalnororiente.com.mx\/index.php\/wp-json\/wp\/v2\/posts\/3798\/revisions"}],"predecessor-version":[{"id":3799,"href":"https:\/\/revistadigitalnororiente.com.mx\/index.php\/wp-json\/wp\/v2\/posts\/3798\/revisions\/3799"}],"wp:featuredmedia":[{"embeddable":true,"href":"https:\/\/revistadigitalnororiente.com.mx\/index.php\/wp-json\/wp\/v2\/media\/3795"}],"wp:attachment":[{"href":"https:\/\/revistadigitalnororiente.com.mx\/index.php\/wp-json\/wp\/v2\/media?parent=3798"}],"wp:term":[{"taxonomy":"category","embeddable":true,"href":"https:\/\/revistadigitalnororiente.com.mx\/index.php\/wp-json\/wp\/v2\/categories?post=3798"},{"taxonomy":"post_tag","embeddable":true,"href":"https:\/\/revistadigitalnororiente.com.mx\/index.php\/wp-json\/wp\/v2\/tags?post=3798"}],"curies":[{"name":"wp","href":"https:\/\/api.w.org\/{rel}","templated":true}]}}