{"id":3787,"date":"2026-04-27T23:16:59","date_gmt":"2026-04-28T05:16:59","guid":{"rendered":"https:\/\/revistadigitalnororiente.com.mx\/?p=3787"},"modified":"2026-04-27T23:16:59","modified_gmt":"2026-04-28T05:16:59","slug":"miguel-cuellar-encabezo-banderazo-de-inicio-para-la-pavimentacion-de-la-calle-venustiano-carranza","status":"publish","type":"post","link":"https:\/\/revistadigitalnororiente.com.mx\/index.php\/2026\/04\/27\/miguel-cuellar-encabezo-banderazo-de-inicio-para-la-pavimentacion-de-la-calle-venustiano-carranza\/","title":{"rendered":"Miguel Cuellar encabez\u00f3 banderazo de inicio para la pavimentaci\u00f3n de la calle Venustiano Carranza"},"content":{"rendered":"<p><img fetchpriority=\"high\" decoding=\"async\" class=\" wp-image-3789 alignleft\" src=\"https:\/\/revistadigitalnororiente.com.mx\/wp-content\/uploads\/2026\/04\/347ce86d-2035-443f-85a5-7c6427b06d96-300x200.jpg\" alt=\"\" width=\"327\" height=\"219\" srcset=\"https:\/\/revistadigitalnororiente.com.mx\/wp-content\/uploads\/2026\/04\/347ce86d-2035-443f-85a5-7c6427b06d96-300x200.jpg 300w, https:\/\/revistadigitalnororiente.com.mx\/wp-content\/uploads\/2026\/04\/347ce86d-2035-443f-85a5-7c6427b06d96-1024x683.jpg 1024w, https:\/\/revistadigitalnororiente.com.mx\/wp-content\/uploads\/2026\/04\/347ce86d-2035-443f-85a5-7c6427b06d96-768x512.jpg 768w, https:\/\/revistadigitalnororiente.com.mx\/wp-content\/uploads\/2026\/04\/347ce86d-2035-443f-85a5-7c6427b06d96-1536x1024.jpg 1536w, https:\/\/revistadigitalnororiente.com.mx\/wp-content\/uploads\/2026\/04\/347ce86d-2035-443f-85a5-7c6427b06d96.jpg 2048w\" sizes=\"(max-width: 327px) 100vw, 327px\" \/><\/p>\n<p style=\"text-align: justify;\"><strong>&#8211; \u200bInfraestructura que transforma el bienestar social<\/strong><\/p>\n<p style=\"text-align: justify;\">Jalacingo, Veracruz_\u200bEn un evento que marca el compromiso con el desarrollo urbano, el Presidente Municipal, Miguel Vicente Cuellar Contreras, encabez\u00f3 el arranque oficial de la obra de pavimentaci\u00f3n en la calle Venustiano Carranza. Esta acci\u00f3n se consolida como un pilar estrat\u00e9gico para elevar la calidad de vida de las familias de Jalacingo, Veracruz, al sustituir superficies deterioradas por infraestructura moderna que garantiza seguridad y movilidad eficiente.<\/p>\n<p><img decoding=\"async\" class=\" wp-image-3790 alignright\" src=\"https:\/\/revistadigitalnororiente.com.mx\/wp-content\/uploads\/2026\/04\/a8682406-3998-4ba3-95bb-f0d574c1365a-300x200.jpg\" alt=\"\" width=\"323\" height=\"215\" srcset=\"https:\/\/revistadigitalnororiente.com.mx\/wp-content\/uploads\/2026\/04\/a8682406-3998-4ba3-95bb-f0d574c1365a-300x200.jpg 300w, https:\/\/revistadigitalnororiente.com.mx\/wp-content\/uploads\/2026\/04\/a8682406-3998-4ba3-95bb-f0d574c1365a-1024x682.jpg 1024w, https:\/\/revistadigitalnororiente.com.mx\/wp-content\/uploads\/2026\/04\/a8682406-3998-4ba3-95bb-f0d574c1365a-768x512.jpg 768w, https:\/\/revistadigitalnororiente.com.mx\/wp-content\/uploads\/2026\/04\/a8682406-3998-4ba3-95bb-f0d574c1365a-1536x1023.jpg 1536w, https:\/\/revistadigitalnororiente.com.mx\/wp-content\/uploads\/2026\/04\/a8682406-3998-4ba3-95bb-f0d574c1365a.jpg 1600w\" sizes=\"(max-width: 323px) 100vw, 323px\" \/><\/p>\n<p style=\"text-align: justify;\">\u200bAcompa\u00f1ado por los integrantes del Honorable Cabildo, el alcalde reafirm\u00f3 que el inicio de estos trabajos no es un hecho aislado, sino parte de una pol\u00edtica p\u00fablica centrada en la gesti\u00f3n efectiva. La administraci\u00f3n municipal subray\u00f3 que cada metro de pavimentaci\u00f3n representa un paso hacia el progreso econ\u00f3mico local, facilitando el tr\u00e1nsito de bienes y servicios, y fortaleciendo el tejido social al dignificar el entorno de los hogares veracruzanos.<\/p>\n<p><img decoding=\"async\" class=\" wp-image-3788 alignleft\" src=\"https:\/\/revistadigitalnororiente.com.mx\/wp-content\/uploads\/2026\/04\/4fbb82e5-ce94-44c1-9ac5-bf71c072dd83-300x200.jpg\" alt=\"\" width=\"344\" height=\"229\" srcset=\"https:\/\/revistadigitalnororiente.com.mx\/wp-content\/uploads\/2026\/04\/4fbb82e5-ce94-44c1-9ac5-bf71c072dd83-300x200.jpg 300w, https:\/\/revistadigitalnororiente.com.mx\/wp-content\/uploads\/2026\/04\/4fbb82e5-ce94-44c1-9ac5-bf71c072dd83-1024x682.jpg 1024w, https:\/\/revistadigitalnororiente.com.mx\/wp-content\/uploads\/2026\/04\/4fbb82e5-ce94-44c1-9ac5-bf71c072dd83-768x512.jpg 768w, https:\/\/revistadigitalnororiente.com.mx\/wp-content\/uploads\/2026\/04\/4fbb82e5-ce94-44c1-9ac5-bf71c072dd83-1536x1023.jpg 1536w, https:\/\/revistadigitalnororiente.com.mx\/wp-content\/uploads\/2026\/04\/4fbb82e5-ce94-44c1-9ac5-bf71c072dd83.jpg 1600w\" sizes=\"(max-width: 344px) 100vw, 344px\" \/><\/p>\n<p style=\"text-align: justify;\">\u200b\u200b<em>&#8220;Con trabajo, gesti\u00f3n y resultados, en Jalacingo avanzamos paso a paso hacia un mejor desarrollo. \u00a1Hagamos que lo bueno suceda!&#8221;,<\/em> puntualiz\u00f3 Cuellar Contreras. Con este banderazo, el Ayuntamiento reafirma su compromiso de continuar impulsando obras que no solo modernizan el municipio, sino que generan un impacto real y duradero en la vida diaria de cada ciudadano, consolidando una visi\u00f3n de transformaci\u00f3n constante.<\/p>\n","protected":false},"excerpt":{"rendered":"<p>&#8211; \u200bInfraestructura que transforma el bienestar social Jalacingo, Veracruz_\u200bEn un evento que marca el compromiso&#8230;<\/p>\n","protected":false},"author":3,"featured_media":3791,"comment_status":"open","ping_status":"open","sticky":false,"template":"","format":"standard","meta":{"om_disable_all_campaigns":false,"_monsterinsights_skip_tracking":false,"_monsterinsights_sitenote_active":false,"_monsterinsights_sitenote_note":"","_monsterinsights_sitenote_category":0,"footnotes":""},"categories":[7,11],"tags":[],"class_list":["post-3787","post","type-post","status-publish","format-standard","has-post-thumbnail","hentry","category-politica","category-regional"],"aioseo_notices":[],"featured_image_urls":{"full":["https:\/\/revistadigitalnororiente.com.mx\/wp-content\/uploads\/2026\/04\/eb220fca-779c-443b-b4b1-c93bd5a88cfb.jpg",1600,1066,false],"thumbnail":["https:\/\/revistadigitalnororiente.com.mx\/wp-content\/uploads\/2026\/04\/eb220fca-779c-443b-b4b1-c93bd5a88cfb-150x150.jpg",150,150,true],"medium":["https:\/\/revistadigitalnororiente.com.mx\/wp-content\/uploads\/2026\/04\/eb220fca-779c-443b-b4b1-c93bd5a88cfb-300x200.jpg",300,200,true],"medium_large":["https:\/\/revistadigitalnororiente.com.mx\/wp-content\/uploads\/2026\/04\/eb220fca-779c-443b-b4b1-c93bd5a88cfb-768x512.jpg",640,427,true],"large":["https:\/\/revistadigitalnororiente.com.mx\/wp-content\/uploads\/2026\/04\/eb220fca-779c-443b-b4b1-c93bd5a88cfb-1024x682.jpg",640,426,true],"1536x1536":["https:\/\/revistadigitalnororiente.com.mx\/wp-content\/uploads\/2026\/04\/eb220fca-779c-443b-b4b1-c93bd5a88cfb-1536x1023.jpg",1536,1023,true],"2048x2048":["https:\/\/revistadigitalnororiente.com.mx\/wp-content\/uploads\/2026\/04\/eb220fca-779c-443b-b4b1-c93bd5a88cfb.jpg",1600,1066,false],"covernews-featured":["https:\/\/revistadigitalnororiente.com.mx\/wp-content\/uploads\/2026\/04\/eb220fca-779c-443b-b4b1-c93bd5a88cfb-1024x682.jpg",1024,682,true],"covernews-medium":["https:\/\/revistadigitalnororiente.com.mx\/wp-content\/uploads\/2026\/04\/eb220fca-779c-443b-b4b1-c93bd5a88cfb-540x340.jpg",540,340,true]},"author_info":{"display_name":"REVISTA DIGITAL NORORIENTE","author_link":"https:\/\/revistadigitalnororiente.com.mx\/index.php\/author\/adminr\/"},"category_info":"<a href=\"https:\/\/revistadigitalnororiente.com.mx\/index.php\/category\/politica\/\" rel=\"category tag\">Pol\u00edtica<\/a> <a href=\"https:\/\/revistadigitalnororiente.com.mx\/index.php\/category\/regional\/\" rel=\"category tag\">Regional<\/a>","tag_info":"Regional","comment_count":"0","_links":{"self":[{"href":"https:\/\/revistadigitalnororiente.com.mx\/index.php\/wp-json\/wp\/v2\/posts\/3787","targetHints":{"allow":["GET"]}}],"collection":[{"href":"https:\/\/revistadigitalnororiente.com.mx\/index.php\/wp-json\/wp\/v2\/posts"}],"about":[{"href":"https:\/\/revistadigitalnororiente.com.mx\/index.php\/wp-json\/wp\/v2\/types\/post"}],"author":[{"embeddable":true,"href":"https:\/\/revistadigitalnororiente.com.mx\/index.php\/wp-json\/wp\/v2\/users\/3"}],"replies":[{"embeddable":true,"href":"https:\/\/revistadigitalnororiente.com.mx\/index.php\/wp-json\/wp\/v2\/comments?post=3787"}],"version-history":[{"count":1,"href":"https:\/\/revistadigitalnororiente.com.mx\/index.php\/wp-json\/wp\/v2\/posts\/3787\/revisions"}],"predecessor-version":[{"id":3792,"href":"https:\/\/revistadigitalnororiente.com.mx\/index.php\/wp-json\/wp\/v2\/posts\/3787\/revisions\/3792"}],"wp:featuredmedia":[{"embeddable":true,"href":"https:\/\/revistadigitalnororiente.com.mx\/index.php\/wp-json\/wp\/v2\/media\/3791"}],"wp:attachment":[{"href":"https:\/\/revistadigitalnororiente.com.mx\/index.php\/wp-json\/wp\/v2\/media?parent=3787"}],"wp:term":[{"taxonomy":"category","embeddable":true,"href":"https:\/\/revistadigitalnororiente.com.mx\/index.php\/wp-json\/wp\/v2\/categories?post=3787"},{"taxonomy":"post_tag","embeddable":true,"href":"https:\/\/revistadigitalnororiente.com.mx\/index.php\/wp-json\/wp\/v2\/tags?post=3787"}],"curies":[{"name":"wp","href":"https:\/\/api.w.org\/{rel}","templated":true}]}}