{"id":3773,"date":"2026-04-27T23:02:42","date_gmt":"2026-04-28T05:02:42","guid":{"rendered":"https:\/\/revistadigitalnororiente.com.mx\/?p=3773"},"modified":"2026-04-27T23:02:42","modified_gmt":"2026-04-28T05:02:42","slug":"mas-infraestructura-educativa-para-xiutetelco-el-presidente-baltazar-narciso-impulsa-nueva-aula-y-reconoce-talento-estudiantil","status":"publish","type":"post","link":"https:\/\/revistadigitalnororiente.com.mx\/index.php\/2026\/04\/27\/mas-infraestructura-educativa-para-xiutetelco-el-presidente-baltazar-narciso-impulsa-nueva-aula-y-reconoce-talento-estudiantil\/","title":{"rendered":"M\u00e1s infraestructura educativa para Xiutetelco: El Presidente Baltazar Narciso impulsa nueva aula y reconoce talento estudiantil"},"content":{"rendered":"<p><img fetchpriority=\"high\" decoding=\"async\" class=\" wp-image-3774 alignleft\" src=\"https:\/\/revistadigitalnororiente.com.mx\/wp-content\/uploads\/2026\/04\/0f9e76ae-b944-447b-b514-77e5e22f7564-300x169.jpg\" alt=\"\" width=\"369\" height=\"208\" srcset=\"https:\/\/revistadigitalnororiente.com.mx\/wp-content\/uploads\/2026\/04\/0f9e76ae-b944-447b-b514-77e5e22f7564-300x169.jpg 300w, https:\/\/revistadigitalnororiente.com.mx\/wp-content\/uploads\/2026\/04\/0f9e76ae-b944-447b-b514-77e5e22f7564-1024x576.jpg 1024w, https:\/\/revistadigitalnororiente.com.mx\/wp-content\/uploads\/2026\/04\/0f9e76ae-b944-447b-b514-77e5e22f7564-768x432.jpg 768w, https:\/\/revistadigitalnororiente.com.mx\/wp-content\/uploads\/2026\/04\/0f9e76ae-b944-447b-b514-77e5e22f7564-1536x864.jpg 1536w, https:\/\/revistadigitalnororiente.com.mx\/wp-content\/uploads\/2026\/04\/0f9e76ae-b944-447b-b514-77e5e22f7564-2048x1152.jpg 2048w\" sizes=\"(max-width: 369px) 100vw, 369px\" \/><\/p>\n<p style=\"text-align: justify;\"><strong>Con acciones concretas, el Ayuntamiento fortalece la educaci\u00f3n y celebra el orgullo escolar en Tomaquilapa.<\/strong><\/p>\n<p style=\"text-align: justify;\">Xiutetelco, Pue.- El Presidente Municipal, Ing. Baltazar Narciso, encabez\u00f3 el arranque de obra para la construcci\u00f3n de un aula bajo el esquema de Estructura Regional C en la Escuela Primaria \u201cL\u00e1zaro C\u00e1rdenas\u201d, ubicada en la localidad de Tomaquilapa, reafirmando su compromiso con el desarrollo educativo en Xiutetelco.<\/p>\n<p><img decoding=\"async\" class=\" wp-image-3776 alignright\" src=\"https:\/\/revistadigitalnororiente.com.mx\/wp-content\/uploads\/2026\/04\/09e84808-d192-4948-8ba8-401ac52631c8-300x200.jpg\" alt=\"\" width=\"311\" height=\"207\" srcset=\"https:\/\/revistadigitalnororiente.com.mx\/wp-content\/uploads\/2026\/04\/09e84808-d192-4948-8ba8-401ac52631c8-300x200.jpg 300w, https:\/\/revistadigitalnororiente.com.mx\/wp-content\/uploads\/2026\/04\/09e84808-d192-4948-8ba8-401ac52631c8-1024x683.jpg 1024w, https:\/\/revistadigitalnororiente.com.mx\/wp-content\/uploads\/2026\/04\/09e84808-d192-4948-8ba8-401ac52631c8-768x512.jpg 768w, https:\/\/revistadigitalnororiente.com.mx\/wp-content\/uploads\/2026\/04\/09e84808-d192-4948-8ba8-401ac52631c8-1536x1024.jpg 1536w, https:\/\/revistadigitalnororiente.com.mx\/wp-content\/uploads\/2026\/04\/09e84808-d192-4948-8ba8-401ac52631c8-2048x1365.jpg 2048w\" sizes=\"(max-width: 311px) 100vw, 311px\" \/><\/p>\n<p style=\"text-align: justify;\">Durante este inicio de trabajos, el edil destac\u00f3 que su administraci\u00f3n contin\u00faa priorizando proyectos que generen bienestar y eleven la calidad de vida de las y los estudiantes, mediante la creaci\u00f3n de espacios dignos que favorezcan su aprendizaje y formaci\u00f3n integral.<\/p>\n<p><img decoding=\"async\" class=\" wp-image-3779 alignleft\" src=\"https:\/\/revistadigitalnororiente.com.mx\/wp-content\/uploads\/2026\/04\/6968482e-3961-492f-bf52-788cb116151b-300x200.jpg\" alt=\"\" width=\"318\" height=\"212\" srcset=\"https:\/\/revistadigitalnororiente.com.mx\/wp-content\/uploads\/2026\/04\/6968482e-3961-492f-bf52-788cb116151b-300x200.jpg 300w, https:\/\/revistadigitalnororiente.com.mx\/wp-content\/uploads\/2026\/04\/6968482e-3961-492f-bf52-788cb116151b-1024x684.jpg 1024w, https:\/\/revistadigitalnororiente.com.mx\/wp-content\/uploads\/2026\/04\/6968482e-3961-492f-bf52-788cb116151b-768x513.jpg 768w, https:\/\/revistadigitalnororiente.com.mx\/wp-content\/uploads\/2026\/04\/6968482e-3961-492f-bf52-788cb116151b-1536x1026.jpg 1536w, https:\/\/revistadigitalnororiente.com.mx\/wp-content\/uploads\/2026\/04\/6968482e-3961-492f-bf52-788cb116151b-2048x1368.jpg 2048w\" sizes=\"(max-width: 318px) 100vw, 318px\" \/><\/p>\n<p style=\"text-align: justify;\">Estas acciones forman parte de la visi\u00f3n de gobierno que impulsa la transformaci\u00f3n del municipio, apostando por la educaci\u00f3n como eje fundamental para el futuro de ni\u00f1as y ni\u00f1os.<\/p>\n<p style=\"text-align: justify;\">En este mismo contexto, el Ayuntamiento reconoci\u00f3 con orgullo a la escolta de la instituci\u00f3n por su destacada participaci\u00f3n en el concurso de escoltas correspondiente a la zona escolar 064 de primarias generales, donde obtuvieron el segundo lugar en el municipio de Teziutl\u00e1n, poniendo en alto el nombre de su comunidad.<\/p>\n<p><img loading=\"lazy\" decoding=\"async\" class=\" wp-image-3778 alignright\" src=\"https:\/\/revistadigitalnororiente.com.mx\/wp-content\/uploads\/2026\/04\/0128386d-ce2a-4808-95a0-460a7f7c60d6-300x192.jpg\" alt=\"\" width=\"305\" height=\"195\" srcset=\"https:\/\/revistadigitalnororiente.com.mx\/wp-content\/uploads\/2026\/04\/0128386d-ce2a-4808-95a0-460a7f7c60d6-300x192.jpg 300w, https:\/\/revistadigitalnororiente.com.mx\/wp-content\/uploads\/2026\/04\/0128386d-ce2a-4808-95a0-460a7f7c60d6-1024x656.jpg 1024w, https:\/\/revistadigitalnororiente.com.mx\/wp-content\/uploads\/2026\/04\/0128386d-ce2a-4808-95a0-460a7f7c60d6-768x492.jpg 768w, https:\/\/revistadigitalnororiente.com.mx\/wp-content\/uploads\/2026\/04\/0128386d-ce2a-4808-95a0-460a7f7c60d6-1536x984.jpg 1536w, https:\/\/revistadigitalnororiente.com.mx\/wp-content\/uploads\/2026\/04\/0128386d-ce2a-4808-95a0-460a7f7c60d6-2048x1312.jpg 2048w\" sizes=\"(max-width: 305px) 100vw, 305px\" \/><\/p>\n<p style=\"text-align: justify;\">Con este tipo de resultados, se refrenda el compromiso de seguir trabajando de la mano con la ciudadan\u00eda para construir mejores oportunidades para las nuevas generaciones.<\/p>\n","protected":false},"excerpt":{"rendered":"<p>Con acciones concretas, el Ayuntamiento fortalece la educaci\u00f3n y celebra el orgullo escolar en Tomaquilapa&#8230;.<\/p>\n","protected":false},"author":3,"featured_media":3775,"comment_status":"open","ping_status":"open","sticky":false,"template":"","format":"standard","meta":{"om_disable_all_campaigns":false,"_monsterinsights_skip_tracking":false,"_monsterinsights_sitenote_active":false,"_monsterinsights_sitenote_note":"","_monsterinsights_sitenote_category":0,"footnotes":""},"categories":[7,11],"tags":[],"class_list":["post-3773","post","type-post","status-publish","format-standard","has-post-thumbnail","hentry","category-politica","category-regional"],"aioseo_notices":[],"featured_image_urls":{"full":["https:\/\/revistadigitalnororiente.com.mx\/wp-content\/uploads\/2026\/04\/7a81b601-0590-4173-a34a-388604cd0743-scaled.jpg",1920,2560,false],"thumbnail":["https:\/\/revistadigitalnororiente.com.mx\/wp-content\/uploads\/2026\/04\/7a81b601-0590-4173-a34a-388604cd0743-150x150.jpg",150,150,true],"medium":["https:\/\/revistadigitalnororiente.com.mx\/wp-content\/uploads\/2026\/04\/7a81b601-0590-4173-a34a-388604cd0743-225x300.jpg",225,300,true],"medium_large":["https:\/\/revistadigitalnororiente.com.mx\/wp-content\/uploads\/2026\/04\/7a81b601-0590-4173-a34a-388604cd0743-768x1024.jpg",640,853,true],"large":["https:\/\/revistadigitalnororiente.com.mx\/wp-content\/uploads\/2026\/04\/7a81b601-0590-4173-a34a-388604cd0743-768x1024.jpg",640,853,true],"1536x1536":["https:\/\/revistadigitalnororiente.com.mx\/wp-content\/uploads\/2026\/04\/7a81b601-0590-4173-a34a-388604cd0743-1152x1536.jpg",1152,1536,true],"2048x2048":["https:\/\/revistadigitalnororiente.com.mx\/wp-content\/uploads\/2026\/04\/7a81b601-0590-4173-a34a-388604cd0743-1536x2048.jpg",1536,2048,true],"covernews-featured":["https:\/\/revistadigitalnororiente.com.mx\/wp-content\/uploads\/2026\/04\/7a81b601-0590-4173-a34a-388604cd0743-1024x1365.jpg",1024,1365,true],"covernews-medium":["https:\/\/revistadigitalnororiente.com.mx\/wp-content\/uploads\/2026\/04\/7a81b601-0590-4173-a34a-388604cd0743-540x340.jpg",540,340,true]},"author_info":{"display_name":"REVISTA DIGITAL NORORIENTE","author_link":"https:\/\/revistadigitalnororiente.com.mx\/index.php\/author\/adminr\/"},"category_info":"<a href=\"https:\/\/revistadigitalnororiente.com.mx\/index.php\/category\/politica\/\" rel=\"category tag\">Pol\u00edtica<\/a> <a href=\"https:\/\/revistadigitalnororiente.com.mx\/index.php\/category\/regional\/\" rel=\"category tag\">Regional<\/a>","tag_info":"Regional","comment_count":"0","_links":{"self":[{"href":"https:\/\/revistadigitalnororiente.com.mx\/index.php\/wp-json\/wp\/v2\/posts\/3773","targetHints":{"allow":["GET"]}}],"collection":[{"href":"https:\/\/revistadigitalnororiente.com.mx\/index.php\/wp-json\/wp\/v2\/posts"}],"about":[{"href":"https:\/\/revistadigitalnororiente.com.mx\/index.php\/wp-json\/wp\/v2\/types\/post"}],"author":[{"embeddable":true,"href":"https:\/\/revistadigitalnororiente.com.mx\/index.php\/wp-json\/wp\/v2\/users\/3"}],"replies":[{"embeddable":true,"href":"https:\/\/revistadigitalnororiente.com.mx\/index.php\/wp-json\/wp\/v2\/comments?post=3773"}],"version-history":[{"count":1,"href":"https:\/\/revistadigitalnororiente.com.mx\/index.php\/wp-json\/wp\/v2\/posts\/3773\/revisions"}],"predecessor-version":[{"id":3780,"href":"https:\/\/revistadigitalnororiente.com.mx\/index.php\/wp-json\/wp\/v2\/posts\/3773\/revisions\/3780"}],"wp:featuredmedia":[{"embeddable":true,"href":"https:\/\/revistadigitalnororiente.com.mx\/index.php\/wp-json\/wp\/v2\/media\/3775"}],"wp:attachment":[{"href":"https:\/\/revistadigitalnororiente.com.mx\/index.php\/wp-json\/wp\/v2\/media?parent=3773"}],"wp:term":[{"taxonomy":"category","embeddable":true,"href":"https:\/\/revistadigitalnororiente.com.mx\/index.php\/wp-json\/wp\/v2\/categories?post=3773"},{"taxonomy":"post_tag","embeddable":true,"href":"https:\/\/revistadigitalnororiente.com.mx\/index.php\/wp-json\/wp\/v2\/tags?post=3773"}],"curies":[{"name":"wp","href":"https:\/\/api.w.org\/{rel}","templated":true}]}}