{"id":3749,"date":"2026-04-25T21:31:56","date_gmt":"2026-04-26T03:31:56","guid":{"rendered":"https:\/\/revistadigitalnororiente.com.mx\/?p=3749"},"modified":"2026-04-25T21:31:56","modified_gmt":"2026-04-26T03:31:56","slug":"gobierno-teteles-rinde-historico-homenaje-a-la-trayectoria-de-norberto-rodriguez","status":"publish","type":"post","link":"https:\/\/revistadigitalnororiente.com.mx\/index.php\/2026\/04\/25\/gobierno-teteles-rinde-historico-homenaje-a-la-trayectoria-de-norberto-rodriguez\/","title":{"rendered":"Gobierno Teteles rinde hist\u00f3rico homenaje a la trayectoria de Norberto Rodr\u00edguez"},"content":{"rendered":"<p><img fetchpriority=\"high\" decoding=\"async\" class=\" wp-image-3757 alignleft\" src=\"https:\/\/revistadigitalnororiente.com.mx\/wp-content\/uploads\/2026\/04\/c2eb8de5-75c7-4b6f-afcc-dba7dae0b05f-300x222.jpg\" alt=\"\" width=\"351\" height=\"260\" srcset=\"https:\/\/revistadigitalnororiente.com.mx\/wp-content\/uploads\/2026\/04\/c2eb8de5-75c7-4b6f-afcc-dba7dae0b05f-300x222.jpg 300w, https:\/\/revistadigitalnororiente.com.mx\/wp-content\/uploads\/2026\/04\/c2eb8de5-75c7-4b6f-afcc-dba7dae0b05f-1024x757.jpg 1024w, https:\/\/revistadigitalnororiente.com.mx\/wp-content\/uploads\/2026\/04\/c2eb8de5-75c7-4b6f-afcc-dba7dae0b05f-768x567.jpg 768w, https:\/\/revistadigitalnororiente.com.mx\/wp-content\/uploads\/2026\/04\/c2eb8de5-75c7-4b6f-afcc-dba7dae0b05f.jpg 1440w\" sizes=\"(max-width: 351px) 100vw, 351px\" \/><\/p>\n<p style=\"text-align: justify;\"><strong>\u200bEn una emotiva ceremonia de gala, el municipio otorg\u00f3 la llave de la ciudad al distinguido ciudadano por su incansable labor social.<\/strong><\/p>\n<p style=\"text-align: justify;\">\u200bTETELES DE \u00c1VILA CASTILLO, PUEBLA.<br \/>\n\u200bM\u00e9rito civil y compromiso<br \/>\n\u200bBajo el lema \u201cPor Amor a Teteles\u201d, el gobierno de Sa\u00fal M\u00e1rquez Viveros realiz\u00f3 un reconocimiento p\u00fablico a la trayectoria de Norberto Rodr\u00edguez Jaquim. El evento resalt\u00f3 un legado de compromiso y trabajo que ha dejado una huella profunda en la comunidad, consolidando los valores de servicio y solidaridad que definen la identidad de los habitantes del municipio poblano actual.<\/p>\n<p><img decoding=\"async\" class=\" wp-image-3758 alignright\" src=\"https:\/\/revistadigitalnororiente.com.mx\/wp-content\/uploads\/2026\/04\/f92f7c22-52f8-4d5f-ac7e-9098b00781b4-300x225.jpg\" alt=\"\" width=\"325\" height=\"244\" srcset=\"https:\/\/revistadigitalnororiente.com.mx\/wp-content\/uploads\/2026\/04\/f92f7c22-52f8-4d5f-ac7e-9098b00781b4-300x225.jpg 300w, https:\/\/revistadigitalnororiente.com.mx\/wp-content\/uploads\/2026\/04\/f92f7c22-52f8-4d5f-ac7e-9098b00781b4-1024x768.jpg 1024w, https:\/\/revistadigitalnororiente.com.mx\/wp-content\/uploads\/2026\/04\/f92f7c22-52f8-4d5f-ac7e-9098b00781b4-768x576.jpg 768w, https:\/\/revistadigitalnororiente.com.mx\/wp-content\/uploads\/2026\/04\/f92f7c22-52f8-4d5f-ac7e-9098b00781b4.jpg 1440w\" sizes=\"(max-width: 325px) 100vw, 325px\" \/><\/p>\n<p style=\"text-align: justify;\">\u200bLa entrega de la llave de la ciudad simboliz\u00f3 el m\u00e1ximo agradecimiento institucional por las aportaciones fundamentales del galardonado al desarrollo local. Este gesto de gratitud colectiva reafirm\u00f3 la importancia de honrar en vida a quienes dedican su esfuerzo al bienestar com\u00fan, inspirando a las nuevas generaciones a construir un mejor futuro a trav\u00e9s de la entrega desinteresada.<\/p>\n<p style=\"text-align: justify;\"><img decoding=\"async\" class=\" wp-image-3754 alignleft\" src=\"https:\/\/revistadigitalnororiente.com.mx\/wp-content\/uploads\/2026\/04\/41f821a8-2c0c-4537-b5e5-0035ec7b6c89-300x216.jpg\" alt=\"\" width=\"351\" height=\"253\" srcset=\"https:\/\/revistadigitalnororiente.com.mx\/wp-content\/uploads\/2026\/04\/41f821a8-2c0c-4537-b5e5-0035ec7b6c89-300x216.jpg 300w, https:\/\/revistadigitalnororiente.com.mx\/wp-content\/uploads\/2026\/04\/41f821a8-2c0c-4537-b5e5-0035ec7b6c89-1024x737.jpg 1024w, https:\/\/revistadigitalnororiente.com.mx\/wp-content\/uploads\/2026\/04\/41f821a8-2c0c-4537-b5e5-0035ec7b6c89-768x553.jpg 768w, https:\/\/revistadigitalnororiente.com.mx\/wp-content\/uploads\/2026\/04\/41f821a8-2c0c-4537-b5e5-0035ec7b6c89.jpg 1440w\" sizes=\"(max-width: 351px) 100vw, 351px\" \/>\u200bUno de los momentos m\u00e1s profundos fue la proyecci\u00f3n de un video biogr\u00e1fico que recorri\u00f3 pasajes significativos de la vida del homenajeado ante el p\u00fablico. Esta narrativa visual despert\u00f3 sentimientos de orgullo y nostalgia entre los asistentes, tocando las fibras m\u00e1s sensibles de la audiencia que record\u00f3 con afecto las diversas etapas de superaci\u00f3n del reconocido l\u00edder ciudadano hoy.<\/p>\n<p><img loading=\"lazy\" decoding=\"async\" class=\" wp-image-3751 alignright\" src=\"https:\/\/revistadigitalnororiente.com.mx\/wp-content\/uploads\/2026\/04\/3c598fc6-402c-427f-84ab-9752ad7c83d3-300x225.jpg\" alt=\"\" width=\"317\" height=\"238\" srcset=\"https:\/\/revistadigitalnororiente.com.mx\/wp-content\/uploads\/2026\/04\/3c598fc6-402c-427f-84ab-9752ad7c83d3-300x225.jpg 300w, https:\/\/revistadigitalnororiente.com.mx\/wp-content\/uploads\/2026\/04\/3c598fc6-402c-427f-84ab-9752ad7c83d3-1024x768.jpg 1024w, https:\/\/revistadigitalnororiente.com.mx\/wp-content\/uploads\/2026\/04\/3c598fc6-402c-427f-84ab-9752ad7c83d3-768x576.jpg 768w, https:\/\/revistadigitalnororiente.com.mx\/wp-content\/uploads\/2026\/04\/3c598fc6-402c-427f-84ab-9752ad7c83d3.jpg 1440w\" sizes=\"(max-width: 317px) 100vw, 317px\" \/><\/p>\n<p style=\"text-align: justify;\">\u200bLa velada fue engalanada por la presentaci\u00f3n magistral del Coro Normalista del Estado de Puebla, cuya calidad interpretativa elev\u00f3 la solemnidad del encuentro cultural. La armon\u00eda musical complement\u00f3 perfectamente la atm\u00f3sfera de respeto y celebraci\u00f3n, convirtiendo el homenaje en una experiencia art\u00edstica memorable que quedar\u00e1 grabada en el coraz\u00f3n de la sociedad civil y las autoridades locales.<\/p>\n<p style=\"text-align: justify;\"><img loading=\"lazy\" decoding=\"async\" class=\" wp-image-3755 alignleft\" src=\"https:\/\/revistadigitalnororiente.com.mx\/wp-content\/uploads\/2026\/04\/319cb83a-0164-47ae-8037-ae8b52515419-300x225.jpg\" alt=\"\" width=\"335\" height=\"251\" srcset=\"https:\/\/revistadigitalnororiente.com.mx\/wp-content\/uploads\/2026\/04\/319cb83a-0164-47ae-8037-ae8b52515419-300x225.jpg 300w, https:\/\/revistadigitalnororiente.com.mx\/wp-content\/uploads\/2026\/04\/319cb83a-0164-47ae-8037-ae8b52515419-1024x768.jpg 1024w, https:\/\/revistadigitalnororiente.com.mx\/wp-content\/uploads\/2026\/04\/319cb83a-0164-47ae-8037-ae8b52515419-768x576.jpg 768w, https:\/\/revistadigitalnororiente.com.mx\/wp-content\/uploads\/2026\/04\/319cb83a-0164-47ae-8037-ae8b52515419.jpg 1440w\" sizes=\"(max-width: 335px) 100vw, 335px\" \/>\u200bEl acto cont\u00f3 con la presencia de la presidenta del DIF, Lic. Leticia Marti Aranda, regidores, directores municipales e invitados especiales como la diputada Esther Mart\u00ednez. Tambi\u00e9n asistieron representantes del INPI y del Tecnol\u00f3gico de Teziutl\u00e1n, demostrando el s\u00f3lido respaldo pol\u00edtico y social que respalda la gesti\u00f3n de M\u00e1rquez Viveros y el reconocimiento a la trayectoria civil ejemplar.<\/p>\n<p><img loading=\"lazy\" decoding=\"async\" class=\" wp-image-3752 alignright\" src=\"https:\/\/revistadigitalnororiente.com.mx\/wp-content\/uploads\/2026\/04\/05b95b13-e11f-4d4b-8c5b-1f6c6157e4be-300x225.jpg\" alt=\"\" width=\"319\" height=\"239\" srcset=\"https:\/\/revistadigitalnororiente.com.mx\/wp-content\/uploads\/2026\/04\/05b95b13-e11f-4d4b-8c5b-1f6c6157e4be-300x225.jpg 300w, https:\/\/revistadigitalnororiente.com.mx\/wp-content\/uploads\/2026\/04\/05b95b13-e11f-4d4b-8c5b-1f6c6157e4be-1024x768.jpg 1024w, https:\/\/revistadigitalnororiente.com.mx\/wp-content\/uploads\/2026\/04\/05b95b13-e11f-4d4b-8c5b-1f6c6157e4be-768x576.jpg 768w, https:\/\/revistadigitalnororiente.com.mx\/wp-content\/uploads\/2026\/04\/05b95b13-e11f-4d4b-8c5b-1f6c6157e4be.jpg 1440w\" sizes=\"(max-width: 319px) 100vw, 319px\" \/><\/p>\n<p style=\"text-align: justify;\">\u200bPara finalizar, Sa\u00fal M\u00e1rquez enfatiz\u00f3 que el amor verdadero por el pueblo nace de gestos que se dan sin esperar nada a cambio. El homenaje concluy\u00f3 entre aplausos de familiares y amigos, sellando un compromiso renovado por seguir construyendo una comunidad fuerte, donde se reconozca permanentemente el valor de quienes hacen grande a la regi\u00f3n con su esfuerzo diario.<\/p>\n","protected":false},"excerpt":{"rendered":"<p>\u200bEn una emotiva ceremonia de gala, el municipio otorg\u00f3 la llave de la ciudad al&#8230;<\/p>\n","protected":false},"author":3,"featured_media":3756,"comment_status":"open","ping_status":"open","sticky":false,"template":"","format":"standard","meta":{"om_disable_all_campaigns":false,"_monsterinsights_skip_tracking":false,"_monsterinsights_sitenote_active":false,"_monsterinsights_sitenote_note":"","_monsterinsights_sitenote_category":0,"footnotes":""},"categories":[7,11],"tags":[],"class_list":["post-3749","post","type-post","status-publish","format-standard","has-post-thumbnail","hentry","category-politica","category-regional"],"aioseo_notices":[],"featured_image_urls":{"full":["https:\/\/revistadigitalnororiente.com.mx\/wp-content\/uploads\/2026\/04\/93041ff3-8463-4c00-8719-f9b06f1732ef.jpg",1440,670,false],"thumbnail":["https:\/\/revistadigitalnororiente.com.mx\/wp-content\/uploads\/2026\/04\/93041ff3-8463-4c00-8719-f9b06f1732ef-150x150.jpg",150,150,true],"medium":["https:\/\/revistadigitalnororiente.com.mx\/wp-content\/uploads\/2026\/04\/93041ff3-8463-4c00-8719-f9b06f1732ef-300x140.jpg",300,140,true],"medium_large":["https:\/\/revistadigitalnororiente.com.mx\/wp-content\/uploads\/2026\/04\/93041ff3-8463-4c00-8719-f9b06f1732ef-768x357.jpg",640,298,true],"large":["https:\/\/revistadigitalnororiente.com.mx\/wp-content\/uploads\/2026\/04\/93041ff3-8463-4c00-8719-f9b06f1732ef-1024x476.jpg",640,298,true],"1536x1536":["https:\/\/revistadigitalnororiente.com.mx\/wp-content\/uploads\/2026\/04\/93041ff3-8463-4c00-8719-f9b06f1732ef.jpg",1440,670,false],"2048x2048":["https:\/\/revistadigitalnororiente.com.mx\/wp-content\/uploads\/2026\/04\/93041ff3-8463-4c00-8719-f9b06f1732ef.jpg",1440,670,false],"covernews-featured":["https:\/\/revistadigitalnororiente.com.mx\/wp-content\/uploads\/2026\/04\/93041ff3-8463-4c00-8719-f9b06f1732ef-1024x476.jpg",1024,476,true],"covernews-medium":["https:\/\/revistadigitalnororiente.com.mx\/wp-content\/uploads\/2026\/04\/93041ff3-8463-4c00-8719-f9b06f1732ef-540x340.jpg",540,340,true]},"author_info":{"display_name":"REVISTA DIGITAL NORORIENTE","author_link":"https:\/\/revistadigitalnororiente.com.mx\/index.php\/author\/adminr\/"},"category_info":"<a href=\"https:\/\/revistadigitalnororiente.com.mx\/index.php\/category\/politica\/\" rel=\"category tag\">Pol\u00edtica<\/a> <a href=\"https:\/\/revistadigitalnororiente.com.mx\/index.php\/category\/regional\/\" rel=\"category tag\">Regional<\/a>","tag_info":"Regional","comment_count":"0","_links":{"self":[{"href":"https:\/\/revistadigitalnororiente.com.mx\/index.php\/wp-json\/wp\/v2\/posts\/3749","targetHints":{"allow":["GET"]}}],"collection":[{"href":"https:\/\/revistadigitalnororiente.com.mx\/index.php\/wp-json\/wp\/v2\/posts"}],"about":[{"href":"https:\/\/revistadigitalnororiente.com.mx\/index.php\/wp-json\/wp\/v2\/types\/post"}],"author":[{"embeddable":true,"href":"https:\/\/revistadigitalnororiente.com.mx\/index.php\/wp-json\/wp\/v2\/users\/3"}],"replies":[{"embeddable":true,"href":"https:\/\/revistadigitalnororiente.com.mx\/index.php\/wp-json\/wp\/v2\/comments?post=3749"}],"version-history":[{"count":1,"href":"https:\/\/revistadigitalnororiente.com.mx\/index.php\/wp-json\/wp\/v2\/posts\/3749\/revisions"}],"predecessor-version":[{"id":3759,"href":"https:\/\/revistadigitalnororiente.com.mx\/index.php\/wp-json\/wp\/v2\/posts\/3749\/revisions\/3759"}],"wp:featuredmedia":[{"embeddable":true,"href":"https:\/\/revistadigitalnororiente.com.mx\/index.php\/wp-json\/wp\/v2\/media\/3756"}],"wp:attachment":[{"href":"https:\/\/revistadigitalnororiente.com.mx\/index.php\/wp-json\/wp\/v2\/media?parent=3749"}],"wp:term":[{"taxonomy":"category","embeddable":true,"href":"https:\/\/revistadigitalnororiente.com.mx\/index.php\/wp-json\/wp\/v2\/categories?post=3749"},{"taxonomy":"post_tag","embeddable":true,"href":"https:\/\/revistadigitalnororiente.com.mx\/index.php\/wp-json\/wp\/v2\/tags?post=3749"}],"curies":[{"name":"wp","href":"https:\/\/api.w.org\/{rel}","templated":true}]}}