{"id":3744,"date":"2026-04-25T21:23:10","date_gmt":"2026-04-26T03:23:10","guid":{"rendered":"https:\/\/revistadigitalnororiente.com.mx\/?p=3744"},"modified":"2026-04-25T21:23:10","modified_gmt":"2026-04-26T03:23:10","slug":"miguel-cuellar-impulsa-el-saneamiento-financiero-de-jalacingo-con-rocio-nahle","status":"publish","type":"post","link":"https:\/\/revistadigitalnororiente.com.mx\/index.php\/2026\/04\/25\/miguel-cuellar-impulsa-el-saneamiento-financiero-de-jalacingo-con-rocio-nahle\/","title":{"rendered":"Miguel Cu\u00e9llar impulsa el saneamiento financiero de Jalacingo con Roc\u00edo Nahle"},"content":{"rendered":"<p><img fetchpriority=\"high\" decoding=\"async\" class=\" wp-image-3745 alignleft\" src=\"https:\/\/revistadigitalnororiente.com.mx\/wp-content\/uploads\/2026\/04\/5790d77f-5625-40dc-90ef-15d3f3e6a122-300x200.jpg\" alt=\"\" width=\"385\" height=\"257\" srcset=\"https:\/\/revistadigitalnororiente.com.mx\/wp-content\/uploads\/2026\/04\/5790d77f-5625-40dc-90ef-15d3f3e6a122-300x200.jpg 300w, https:\/\/revistadigitalnororiente.com.mx\/wp-content\/uploads\/2026\/04\/5790d77f-5625-40dc-90ef-15d3f3e6a122-1024x682.jpg 1024w, https:\/\/revistadigitalnororiente.com.mx\/wp-content\/uploads\/2026\/04\/5790d77f-5625-40dc-90ef-15d3f3e6a122-768x512.jpg 768w, https:\/\/revistadigitalnororiente.com.mx\/wp-content\/uploads\/2026\/04\/5790d77f-5625-40dc-90ef-15d3f3e6a122-1536x1023.jpg 1536w, https:\/\/revistadigitalnororiente.com.mx\/wp-content\/uploads\/2026\/04\/5790d77f-5625-40dc-90ef-15d3f3e6a122.jpg 1600w\" sizes=\"(max-width: 385px) 100vw, 385px\" \/><strong>*. _\u200bEl alcalde de Jalacingo participa en la Primera Reuni\u00f3n Regional para fortalecer la estabilidad econ\u00f3mica y resolver adeudos institucionales del ayuntamiento.<\/strong><\/p>\n<p style=\"text-align: justify;\">\u200bXALAPA, VERACRUZ. \u2014 Con el firme prop\u00f3sito de avanzar en proyectos que beneficien a las familias jalacinguenses, el alcalde Miguel Vicente Cuellar Contreras particip\u00f3 en la reuni\u00f3n estatal encabezada por la gobernadora Roc\u00edo Nahle Garc\u00eda. El encuentro congreg\u00f3 a presidentes municipales de la regi\u00f3n centro para coordinar esfuerzos en materia de estabilidad financiera municipal.<\/p>\n<p style=\"text-align: justify;\"><img decoding=\"async\" class=\" wp-image-3746 alignright\" src=\"https:\/\/revistadigitalnororiente.com.mx\/wp-content\/uploads\/2026\/04\/ba4bed04-090b-47cb-a780-051b176fa749-300x200.jpg\" alt=\"\" width=\"335\" height=\"223\" srcset=\"https:\/\/revistadigitalnororiente.com.mx\/wp-content\/uploads\/2026\/04\/ba4bed04-090b-47cb-a780-051b176fa749-300x200.jpg 300w, https:\/\/revistadigitalnororiente.com.mx\/wp-content\/uploads\/2026\/04\/ba4bed04-090b-47cb-a780-051b176fa749-1024x682.jpg 1024w, https:\/\/revistadigitalnororiente.com.mx\/wp-content\/uploads\/2026\/04\/ba4bed04-090b-47cb-a780-051b176fa749-768x512.jpg 768w, https:\/\/revistadigitalnororiente.com.mx\/wp-content\/uploads\/2026\/04\/ba4bed04-090b-47cb-a780-051b176fa749-1536x1023.jpg 1536w, https:\/\/revistadigitalnororiente.com.mx\/wp-content\/uploads\/2026\/04\/ba4bed04-090b-47cb-a780-051b176fa749.jpg 1600w\" sizes=\"(max-width: 335px) 100vw, 335px\" \/>\u200bDurante esta sesi\u00f3n de trabajo, se implementaron estrategias conjuntas para subsanar adeudos hist\u00f3ricos con el Servicio de Administraci\u00f3n Tributaria (SAT) y la Comisi\u00f3n Nacional del Agua (CONAGUA). Estas acciones buscan garantizar finanzas sanas, permitiendo que los ayuntamientos posean una mayor capacidad operativa para responder de manera efectiva a las demandas prioritarias de la ciudadan\u00eda veracruzana.<\/p>\n<p style=\"text-align: justify;\">\u200bEl presidente Cu\u00e9llar Contreras reafirm\u00f3 su compromiso de trabajar con responsabilidad y firmeza para impulsar el desarrollo integral del municipio de Jalacingo. Al priorizar la transparencia y el orden administrativo, el gobierno local asegura la viabilidad de futuros proyectos de infraestructura y bienestar social que mejoren la calidad de vida de todos sus habitantes Jalacinguenses.<\/p>\n","protected":false},"excerpt":{"rendered":"<p>*. _\u200bEl alcalde de Jalacingo participa en la Primera Reuni\u00f3n Regional para fortalecer la estabilidad&#8230;<\/p>\n","protected":false},"author":3,"featured_media":3747,"comment_status":"open","ping_status":"open","sticky":false,"template":"","format":"standard","meta":{"om_disable_all_campaigns":false,"_monsterinsights_skip_tracking":false,"_monsterinsights_sitenote_active":false,"_monsterinsights_sitenote_note":"","_monsterinsights_sitenote_category":0,"footnotes":""},"categories":[7,11],"tags":[],"class_list":["post-3744","post","type-post","status-publish","format-standard","has-post-thumbnail","hentry","category-politica","category-regional"],"aioseo_notices":[],"featured_image_urls":{"full":["https:\/\/revistadigitalnororiente.com.mx\/wp-content\/uploads\/2026\/04\/cb4252c2-cf85-402a-bc89-6e269782b9f4.jpg",2048,1365,false],"thumbnail":["https:\/\/revistadigitalnororiente.com.mx\/wp-content\/uploads\/2026\/04\/cb4252c2-cf85-402a-bc89-6e269782b9f4-150x150.jpg",150,150,true],"medium":["https:\/\/revistadigitalnororiente.com.mx\/wp-content\/uploads\/2026\/04\/cb4252c2-cf85-402a-bc89-6e269782b9f4-300x200.jpg",300,200,true],"medium_large":["https:\/\/revistadigitalnororiente.com.mx\/wp-content\/uploads\/2026\/04\/cb4252c2-cf85-402a-bc89-6e269782b9f4-768x512.jpg",640,427,true],"large":["https:\/\/revistadigitalnororiente.com.mx\/wp-content\/uploads\/2026\/04\/cb4252c2-cf85-402a-bc89-6e269782b9f4-1024x683.jpg",640,427,true],"1536x1536":["https:\/\/revistadigitalnororiente.com.mx\/wp-content\/uploads\/2026\/04\/cb4252c2-cf85-402a-bc89-6e269782b9f4-1536x1024.jpg",1536,1024,true],"2048x2048":["https:\/\/revistadigitalnororiente.com.mx\/wp-content\/uploads\/2026\/04\/cb4252c2-cf85-402a-bc89-6e269782b9f4.jpg",2048,1365,false],"covernews-featured":["https:\/\/revistadigitalnororiente.com.mx\/wp-content\/uploads\/2026\/04\/cb4252c2-cf85-402a-bc89-6e269782b9f4-1024x683.jpg",1024,683,true],"covernews-medium":["https:\/\/revistadigitalnororiente.com.mx\/wp-content\/uploads\/2026\/04\/cb4252c2-cf85-402a-bc89-6e269782b9f4-540x340.jpg",540,340,true]},"author_info":{"display_name":"REVISTA DIGITAL NORORIENTE","author_link":"https:\/\/revistadigitalnororiente.com.mx\/index.php\/author\/adminr\/"},"category_info":"<a href=\"https:\/\/revistadigitalnororiente.com.mx\/index.php\/category\/politica\/\" rel=\"category tag\">Pol\u00edtica<\/a> <a href=\"https:\/\/revistadigitalnororiente.com.mx\/index.php\/category\/regional\/\" rel=\"category tag\">Regional<\/a>","tag_info":"Regional","comment_count":"0","_links":{"self":[{"href":"https:\/\/revistadigitalnororiente.com.mx\/index.php\/wp-json\/wp\/v2\/posts\/3744","targetHints":{"allow":["GET"]}}],"collection":[{"href":"https:\/\/revistadigitalnororiente.com.mx\/index.php\/wp-json\/wp\/v2\/posts"}],"about":[{"href":"https:\/\/revistadigitalnororiente.com.mx\/index.php\/wp-json\/wp\/v2\/types\/post"}],"author":[{"embeddable":true,"href":"https:\/\/revistadigitalnororiente.com.mx\/index.php\/wp-json\/wp\/v2\/users\/3"}],"replies":[{"embeddable":true,"href":"https:\/\/revistadigitalnororiente.com.mx\/index.php\/wp-json\/wp\/v2\/comments?post=3744"}],"version-history":[{"count":1,"href":"https:\/\/revistadigitalnororiente.com.mx\/index.php\/wp-json\/wp\/v2\/posts\/3744\/revisions"}],"predecessor-version":[{"id":3748,"href":"https:\/\/revistadigitalnororiente.com.mx\/index.php\/wp-json\/wp\/v2\/posts\/3744\/revisions\/3748"}],"wp:featuredmedia":[{"embeddable":true,"href":"https:\/\/revistadigitalnororiente.com.mx\/index.php\/wp-json\/wp\/v2\/media\/3747"}],"wp:attachment":[{"href":"https:\/\/revistadigitalnororiente.com.mx\/index.php\/wp-json\/wp\/v2\/media?parent=3744"}],"wp:term":[{"taxonomy":"category","embeddable":true,"href":"https:\/\/revistadigitalnororiente.com.mx\/index.php\/wp-json\/wp\/v2\/categories?post=3744"},{"taxonomy":"post_tag","embeddable":true,"href":"https:\/\/revistadigitalnororiente.com.mx\/index.php\/wp-json\/wp\/v2\/tags?post=3744"}],"curies":[{"name":"wp","href":"https:\/\/api.w.org\/{rel}","templated":true}]}}